{"id":83131,"date":"2024-07-19T14:31:55","date_gmt":"2024-07-19T21:31:55","guid":{"rendered":"https:\/\/evhcc.org\/?p=83131"},"modified":"2024-07-19T14:32:13","modified_gmt":"2024-07-19T21:32:13","slug":"compensacion-laboral-para-negocios-pequenos","status":"publish","type":"post","link":"https:\/\/evhcc.org\/es\/compensacion-laboral-para-negocios-pequenos\/","title":{"rendered":"Compensaci\u00f3n laboral para negocios peque\u00f1os"},"content":{"rendered":"\t\t<div data-elementor-type=\"wp-post\" data-elementor-id=\"83131\" class=\"elementor elementor-83131 elementor-83126\" data-elementor-post-type=\"post\">\n\t\t\t\t<div class=\"elementor-element elementor-element-7e67a8c e-flex e-con-boxed e-con e-parent\" data-id=\"7e67a8c\" data-element_type=\"container\">\n\t\t\t\t\t<div class=\"e-con-inner\">\n\t\t\t\t<div class=\"elementor-element elementor-element-e053c27 elementor-widget elementor-widget-text-editor\" data-id=\"e053c27\" data-element_type=\"widget\" data-widget_type=\"text-editor.default\">\n\t\t\t\t<div class=\"elementor-widget-container\">\n\t\t\t\t\t\t\t\t\t<p class=\"p1\">Como propietario de peque\u00f1a empresa, entender la compensaci\u00f3n laboral es crucial para proteger a tus empleados y tu negocio.<\/p><p class=\"p1\">Esta gu\u00eda te ayudar\u00e1 a navegar por los aspectos esenciales de la compensaci\u00f3n laboral, centr\u00e1ndose en qu\u00e9 es, cu\u00e1nto cuesta y c\u00f3mo obtenerla.<\/p>\t\t\t\t\t\t\t\t<\/div>\n\t\t\t\t<\/div>\n\t\t\t\t<div class=\"elementor-element elementor-element-5f9c7dc elementor-widget elementor-widget-heading\" data-id=\"5f9c7dc\" data-element_type=\"widget\" data-widget_type=\"heading.default\">\n\t\t\t\t<div class=\"elementor-widget-container\">\n\t\t\t\t\t<h2 class=\"elementor-heading-title elementor-size-default\">\u00bfQu\u00e9 es la compensaci\u00f3n laboral?<\/h2>\t\t\t\t<\/div>\n\t\t\t\t<\/div>\n\t\t\t\t<div class=\"elementor-element elementor-element-ae3e83d elementor-widget elementor-widget-text-editor\" data-id=\"ae3e83d\" data-element_type=\"widget\" data-widget_type=\"text-editor.default\">\n\t\t\t\t<div class=\"elementor-widget-container\">\n\t\t\t\t\t\t\t\t\t<p class=\"p1\">La compensaci\u00f3n laboral es un tipo de seguro que proporciona beneficios a los empleados que sufren lesiones o enfermedades relacionadas con el trabajo. Este seguro cubre:<\/p><ul class=\"ul1\"><li class=\"li1\">Gastos m\u00e9dicos<\/li><li class=\"li1\">Salarios perdidos<\/li><li class=\"li1\">Costos de rehabilitaci\u00f3n<\/li><\/ul>\t\t\t\t\t\t\t\t<\/div>\n\t\t\t\t<\/div>\n\t\t\t\t<div class=\"elementor-element elementor-element-771371c elementor-widget elementor-widget-text-editor\" data-id=\"771371c\" data-element_type=\"widget\" data-widget_type=\"text-editor.default\">\n\t\t\t\t<div class=\"elementor-widget-container\">\n\t\t\t\t\t\t\t\t\t<p class=\"p1\">Tambi\u00e9n protege a los empleadores de demandas relacionadas con lesiones en el lugar de trabajo. En esencia, garantiza que tanto empleados como empleadores est\u00e9n protegidos en caso de un incidente desafortunado.<\/p>\t\t\t\t\t\t\t\t<\/div>\n\t\t\t\t<\/div>\n\t\t\t\t<div class=\"elementor-element elementor-element-7096890 elementor-widget elementor-widget-heading\" data-id=\"7096890\" data-element_type=\"widget\" data-widget_type=\"heading.default\">\n\t\t\t\t<div class=\"elementor-widget-container\">\n\t\t\t\t\t<h2 class=\"elementor-heading-title elementor-size-default\">\u00bfPor qu\u00e9 es importante la compensaci\u00f3n laboral para las peque\u00f1as empresas?<\/h2>\t\t\t\t<\/div>\n\t\t\t\t<\/div>\n\t\t\t\t<div class=\"elementor-element elementor-element-96ea8f5 elementor-widget elementor-widget-text-editor\" data-id=\"96ea8f5\" data-element_type=\"widget\" data-widget_type=\"text-editor.default\">\n\t\t\t\t<div class=\"elementor-widget-container\">\n\t\t\t\t\t\t\t\t\t<p class=\"p1\">Para las peque\u00f1as empresas, la compensaci\u00f3n laboral no solo es un requisito legal, sino tambi\u00e9n una parte vital de una s\u00f3lida estrategia de gesti\u00f3n de riesgos. Ayuda a mantener una fuerza laboral saludable y productiva al garantizar que los empleados lesionados reciban la atenci\u00f3n que necesitan.<\/p><p class=\"p1\"><b>Adem\u00e1s, <\/b>protege tu negocio de tensiones financieras debido a posibles demandas y facturas m\u00e9dicas elevadas.<\/p>\t\t\t\t\t\t\t\t<\/div>\n\t\t\t\t<\/div>\n\t\t\t\t<div class=\"elementor-element elementor-element-acfcf94 elementor-widget elementor-widget-heading\" data-id=\"acfcf94\" data-element_type=\"widget\" data-widget_type=\"heading.default\">\n\t\t\t\t<div class=\"elementor-widget-container\">\n\t\t\t\t\t<h3 class=\"elementor-heading-title elementor-size-default\">\u00bfCu\u00e1nto cuesta el seguro de compensaci\u00f3n laboral?<\/h3>\t\t\t\t<\/div>\n\t\t\t\t<\/div>\n\t\t\t\t<div class=\"elementor-element elementor-element-dc61d43 elementor-widget elementor-widget-text-editor\" data-id=\"dc61d43\" data-element_type=\"widget\" data-widget_type=\"text-editor.default\">\n\t\t\t\t<div class=\"elementor-widget-container\">\n\t\t\t\t\t\t\t\t\t<p class=\"p1\">El costo del seguro de compensaci\u00f3n laboral var\u00eda seg\u00fan varios factores, incluidos:<\/p><ol class=\"ol1\"><li class=\"li1\"><b>Tipo de Industria: <\/b>Las industrias de alto riesgo, como la construcci\u00f3n o la manufactura, generalmente tienen primas m\u00e1s altas debido a la mayor probabilidad de lesiones en el lugar de trabajo.<\/li><li class=\"li1\"><b>Tama\u00f1o de la N\u00f3mina: <\/b>Las primas se calculan frecuentemente como un porcentaje de la n\u00f3mina total. N\u00f3minas m\u00e1s grandes t\u00edpicamente conducen a primas m\u00e1s altas.<\/li><li class=\"li1\"><b>Historial de Reclamos:<\/b> Las empresas con un historial de numerosos reclamos pueden enfrentar primas m\u00e1s altas al considerarse de mayor riesgo.<\/li><\/ol>\t\t\t\t\t\t\t\t<\/div>\n\t\t\t\t<\/div>\n\t\t\t\t<div class=\"elementor-element elementor-element-e6b23f9 elementor-widget elementor-widget-text-editor\" data-id=\"e6b23f9\" data-element_type=\"widget\" data-widget_type=\"text-editor.default\">\n\t\t\t\t<div class=\"elementor-widget-container\">\n\t\t\t\t\t\t\t\t\t<p class=\"p1\">En promedio, <b>las peque\u00f1as empresas pueden esperar pagar entre $0.75 y $2.74 por cada $100 de n\u00f3mina.<\/b> Sin embargo, es esencial obtener una cotizaci\u00f3n personalizada de los proveedores de seguros para entender el costo exacto para tu negocio.<\/p>\t\t\t\t\t\t\t\t<\/div>\n\t\t\t\t<\/div>\n\t\t\t\t<div class=\"elementor-element elementor-element-4bc176c elementor-widget elementor-widget-heading\" data-id=\"4bc176c\" data-element_type=\"widget\" data-widget_type=\"heading.default\">\n\t\t\t\t<div class=\"elementor-widget-container\">\n\t\t\t\t\t<h2 class=\"elementor-heading-title elementor-size-default\">\u00bfC\u00f3mo obtener seguro de compensaci\u00f3n laboral?<\/h2>\t\t\t\t<\/div>\n\t\t\t\t<\/div>\n\t\t\t\t<div class=\"elementor-element elementor-element-7ed759c elementor-widget elementor-widget-text-editor\" data-id=\"7ed759c\" data-element_type=\"widget\" data-widget_type=\"text-editor.default\">\n\t\t\t\t<div class=\"elementor-widget-container\">\n\t\t\t\t\t\t\t\t\t<p class=\"p1\">Obtener seguro de compensaci\u00f3n laboral es un proceso sencillo:<\/p>\t\t\t\t\t\t\t\t<\/div>\n\t\t\t\t<\/div>\n\t\t\t\t<div class=\"elementor-element elementor-element-604d915 elementor-widget elementor-widget-heading\" data-id=\"604d915\" data-element_type=\"widget\" data-widget_type=\"heading.default\">\n\t\t\t\t<div class=\"elementor-widget-container\">\n\t\t\t\t\t<h3 class=\"elementor-heading-title elementor-size-default\">Investiga y compara proveedores<\/h3>\t\t\t\t<\/div>\n\t\t\t\t<\/div>\n\t\t\t\t<div class=\"elementor-element elementor-element-f364d30 elementor-widget elementor-widget-text-editor\" data-id=\"f364d30\" data-element_type=\"widget\" data-widget_type=\"text-editor.default\">\n\t\t\t\t<div class=\"elementor-widget-container\">\n\t\t\t\t\t\t\t\t\t<p class=\"p1\">Comienza investigando diferentes proveedores de seguros. Busca empresas con buenas reputaciones y tarifas competitivas. La EVHCC puede ser un recurso valioso para recomendaciones y consejos.<\/p>\t\t\t\t\t\t\t\t<\/div>\n\t\t\t\t<\/div>\n\t\t\t\t<div class=\"elementor-element elementor-element-3d45260 elementor-widget elementor-widget-heading\" data-id=\"3d45260\" data-element_type=\"widget\" data-widget_type=\"heading.default\">\n\t\t\t\t<div class=\"elementor-widget-container\">\n\t\t\t\t\t<h3 class=\"elementor-heading-title elementor-size-default\">Obt\u00e9n cotizaciones <\/h3>\t\t\t\t<\/div>\n\t\t\t\t<\/div>\n\t\t\t\t<div class=\"elementor-element elementor-element-3174a4c elementor-widget elementor-widget-text-editor\" data-id=\"3174a4c\" data-element_type=\"widget\" data-widget_type=\"text-editor.default\">\n\t\t\t\t<div class=\"elementor-widget-container\">\n\t\t\t\t\t\t\t\t\t<p class=\"p1\">Contacta a varios proveedores para obtener cotizaciones. Aseg\u00farate de proporcionar informaci\u00f3n precisa sobre tu negocio, incluida la industria, la n\u00f3mina y reclamos anteriores.<\/p>\t\t\t\t\t\t\t\t<\/div>\n\t\t\t\t<\/div>\n\t\t\t\t<div class=\"elementor-element elementor-element-ac3a1cc elementor-widget elementor-widget-heading\" data-id=\"ac3a1cc\" data-element_type=\"widget\" data-widget_type=\"heading.default\">\n\t\t\t\t<div class=\"elementor-widget-container\">\n\t\t\t\t\t<h3 class=\"elementor-heading-title elementor-size-default\">Eval\u00faa opciones de cobertura <\/h3>\t\t\t\t<\/div>\n\t\t\t\t<\/div>\n\t\t\t\t<div class=\"elementor-element elementor-element-e49d6a3 elementor-widget elementor-widget-text-editor\" data-id=\"e49d6a3\" data-element_type=\"widget\" data-widget_type=\"text-editor.default\">\n\t\t\t\t<div class=\"elementor-widget-container\">\n\t\t\t\t\t\t\t\t\t<p class=\"p1\">Revisa cuidadosamente las opciones de cobertura que ofrece cada proveedor. Aseg\u00farate de que la p\u00f3liza cubra todos los aspectos necesarios, como gastos m\u00e9dicos, salarios perdidos y costos de rehabilitaci\u00f3n.<\/p>\t\t\t\t\t\t\t\t<\/div>\n\t\t\t\t<\/div>\n\t\t\t\t<div class=\"elementor-element elementor-element-c947464 elementor-widget elementor-widget-heading\" data-id=\"c947464\" data-element_type=\"widget\" data-widget_type=\"heading.default\">\n\t\t\t\t<div class=\"elementor-widget-container\">\n\t\t\t\t\t<h3 class=\"elementor-heading-title elementor-size-default\">Compra una p\u00f3liza<\/h3>\t\t\t\t<\/div>\n\t\t\t\t<\/div>\n\t\t\t\t<div class=\"elementor-element elementor-element-a693efd elementor-widget elementor-widget-text-editor\" data-id=\"a693efd\" data-element_type=\"widget\" data-widget_type=\"text-editor.default\">\n\t\t\t\t<div class=\"elementor-widget-container\">\n\t\t\t\t\t\t\t\t\t<p class=\"p1\">Una vez que hayas seleccionado la mejor opci\u00f3n, compra la p\u00f3liza. Conserva toda la documentaci\u00f3n para referencia futura y cumplimiento.<\/p>\t\t\t\t\t\t\t\t<\/div>\n\t\t\t\t<\/div>\n\t\t\t\t<div class=\"elementor-element elementor-element-e72fc78 elementor-widget elementor-widget-heading\" data-id=\"e72fc78\" data-element_type=\"widget\" data-widget_type=\"heading.default\">\n\t\t\t\t<div class=\"elementor-widget-container\">\n\t\t\t\t\t<h2 class=\"elementor-heading-title elementor-size-default\">Consejos para gestionar la compensaci\u00f3n laboral<\/h2>\t\t\t\t<\/div>\n\t\t\t\t<\/div>\n\t\t\t\t<div class=\"elementor-element elementor-element-7697e19 elementor-widget elementor-widget-text-editor\" data-id=\"7697e19\" data-element_type=\"widget\" data-widget_type=\"text-editor.default\">\n\t\t\t\t<div class=\"elementor-widget-container\">\n\t\t\t\t\t\t\t\t\t<p class=\"p1\">Implementar las mejores pr\u00e1cticas en la gesti\u00f3n de la compensaci\u00f3n laboral no solo fomenta un entorno de trabajo m\u00e1s seguro, sino que tambi\u00e9n ayuda a mitigar los riesgos financieros asociados con las lesiones en el lugar de trabajo.<\/p><p class=\"p1\">Aqu\u00ed tienes consejos clave para ayudarte a optimizar tu enfoque y proteger tanto a tu negocio como a tus empleados.<\/p><ol class=\"ol1\"><li class=\"li1\"><b>Implementa programas de seguridad: <\/b>Realiza entrenamientos de seguridad y simulacros regulares.<\/li><li class=\"li1\"><b>Mant\u00e9n registros precisos: <\/b>Lleva registros detallados de todas las lesiones y reclamos.<\/li><li class=\"li1\"><b>Revisa anualmente:<\/b> Compara cotizaciones anualmente para obtener las mejores tarifas y cobertura.<\/li><li class=\"li1\"><b>Promueve un entorno de trabajo seguro: <\/b>Realiza inspecciones peri\u00f3dicas para identificar peligros.<\/li><li class=\"li1\"><b>Mantente informado sobre los requisitos legales: <\/b>Mantente al tanto de las regulaciones estatales y federales.<\/li><li class=\"li1\"><b>Trabaja con un agente de seguros conocedor:<\/b> As\u00f3ciate con un agente familiarizado con tu industria.<\/li><li class=\"li1\"><b>Fomenta el bienestar de los empleados: <\/b>Promueve descansos regulares y apoyo para la salud mental.<\/li><li class=\"li1\"><b>Maneja reclamos de manera oportuna y justa: <\/b>Trabaja estrechamente con tu proveedor de seguros para gestionar reclamos de manera eficiente.<\/li><\/ol>\t\t\t\t\t\t\t\t<\/div>\n\t\t\t\t<\/div>\n\t\t\t\t<div class=\"elementor-element elementor-element-eeaeb39 elementor-widget elementor-widget-text-editor\" data-id=\"eeaeb39\" data-element_type=\"widget\" data-widget_type=\"text-editor.default\">\n\t\t\t\t<div class=\"elementor-widget-container\">\n\t\t\t\t\t\t\t\t\t<p class=\"p1\">Entender y manejar la compensaci\u00f3n laboral es fundamental para los propietarios de peque\u00f1as empresas en el Este del Valle. Al asegurarte de tener la cobertura adecuada, proteges tanto a tus empleados como a tu negocio de eventos imprevistos.<\/p><p class=\"p1\">La East Valley Hispanic Chamber of Commerce (EVHCC) est\u00e1 aqu\u00ed para apoyarte en la navegaci\u00f3n de estos aspectos importantes de la gesti\u00f3n empresarial, capacit\u00e1ndote para concentrarte en el crecimiento y el \u00e9xito.<\/p>\t\t\t\t\t\t\t\t<\/div>\n\t\t\t\t<\/div>\n\t\t\t\t<div class=\"elementor-element elementor-element-b1d599e elementor-widget elementor-widget-heading\" data-id=\"b1d599e\" data-element_type=\"widget\" data-widget_type=\"heading.default\">\n\t\t\t\t<div class=\"elementor-widget-container\">\n\t\t\t\t\t<h4 class=\"elementor-heading-title elementor-size-default\">DESCUBRE<BR>nuevas oportunidades<br> con la EVHCC!<\/h4>\t\t\t\t<\/div>\n\t\t\t\t<\/div>\n\t\t\t\t<div class=\"elementor-element elementor-element-4822339 elementor-align-center elementor-widget elementor-widget-button\" data-id=\"4822339\" data-element_type=\"widget\" data-widget_type=\"button.default\">\n\t\t\t\t<div class=\"elementor-widget-container\">\n\t\t\t\t\t\t\t\t\t<div class=\"elementor-button-wrapper\">\n\t\t\t\t\t<a class=\"elementor-button elementor-button-link elementor-size-sm\" href=\"https:\/\/evhcc.org\/es\/hazte-miembro\/\" target=\"_blank\">\n\t\t\t\t\t\t<span class=\"elementor-button-content-wrapper\">\n\t\t\t\t\t\t\t\t\t<span class=\"elementor-button-text\">HAZTE MIEMBRO<\/span>\n\t\t\t\t\t<\/span>\n\t\t\t\t\t<\/a>\n\t\t\t\t<\/div>\n\t\t\t\t\t\t\t\t<\/div>\n\t\t\t\t<\/div>\n\t\t\t\t<div class=\"elementor-element elementor-element-e716f6e elementor-widget elementor-widget-image\" data-id=\"e716f6e\" data-element_type=\"widget\" data-widget_type=\"image.default\">\n\t\t\t\t<div class=\"elementor-widget-container\">\n\t\t\t\t\t\t\t\t\t\t\t\t\t\t\t<img fetchpriority=\"high\" decoding=\"async\" width=\"688\" height=\"525\" src=\"https:\/\/evhcc.org\/wp-content\/uploads\/2024\/07\/Women-working-together-on-an-innovative-project-at-work-wondering-how-much-is-workers-compensarion-insurance-768x586.jpg\" class=\"attachment-medium_large size-medium_large wp-image-83130\" alt=\"Women working together on an innovative project at work wondering how much is workers compensation insurance\" srcset=\"https:\/\/evhcc.org\/wp-content\/uploads\/2024\/07\/Women-working-together-on-an-innovative-project-at-work-wondering-how-much-is-workers-compensarion-insurance-768x586.jpg 768w, https:\/\/evhcc.org\/wp-content\/uploads\/2024\/07\/Women-working-together-on-an-innovative-project-at-work-wondering-how-much-is-workers-compensarion-insurance-300x229.jpg 300w, https:\/\/evhcc.org\/wp-content\/uploads\/2024\/07\/Women-working-together-on-an-innovative-project-at-work-wondering-how-much-is-workers-compensarion-insurance-1024x781.jpg 1024w, https:\/\/evhcc.org\/wp-content\/uploads\/2024\/07\/Women-working-together-on-an-innovative-project-at-work-wondering-how-much-is-workers-compensarion-insurance-600x458.jpg 600w, https:\/\/evhcc.org\/wp-content\/uploads\/2024\/07\/Women-working-together-on-an-innovative-project-at-work-wondering-how-much-is-workers-compensarion-insurance.jpg 1500w\" sizes=\"(max-width: 688px) 100vw, 688px\" \/>\t\t\t\t\t\t\t\t\t\t\t\t\t\t\t<\/div>\n\t\t\t\t<\/div>\n\t\t\t\t<div class=\"elementor-element elementor-element-8a5af32 elementor-widget elementor-widget-image\" data-id=\"8a5af32\" data-element_type=\"widget\" data-widget_type=\"image.default\">\n\t\t\t\t<div class=\"elementor-widget-container\">\n\t\t\t\t\t\t\t\t\t\t\t\t\t\t\t<img decoding=\"async\" width=\"500\" height=\"300\" src=\"https:\/\/evhcc.org\/wp-content\/uploads\/2019\/03\/EVHCC-logo-500x300.jpg\" class=\"attachment-medium_large size-medium_large wp-image-79262\" alt=\"\" srcset=\"https:\/\/evhcc.org\/wp-content\/uploads\/2019\/03\/EVHCC-logo-500x300.jpg 500w, https:\/\/evhcc.org\/wp-content\/uploads\/2019\/03\/EVHCC-logo-500x300-300x180.jpg 300w\" sizes=\"(max-width: 500px) 100vw, 500px\" \/>\t\t\t\t\t\t\t\t\t\t\t\t\t\t\t<\/div>\n\t\t\t\t<\/div>\n\t\t\t\t\t<\/div>\n\t\t\t\t<\/div>\n\t\t\t\t<\/div>\n\t\t","protected":false},"excerpt":{"rendered":"<p>Como propietario de peque\u00f1a empresa, entender la compensaci\u00f3n laboral es crucial para proteger a tus empleados y tu negocio. Esta&hellip;<\/p>\n","protected":false},"author":7474,"featured_media":83128,"comment_status":"closed","ping_status":"open","sticky":false,"template":"","format":"standard","meta":{"pmpro_default_level":"","footnotes":""},"categories":[577],"tags":[],"class_list":["post-83131","post","type-post","status-publish","format-standard","has-post-thumbnail","hentry","category-contabilidad","pmpro-has-access"],"yoast_head":"<!-- This site is optimized with the Yoast SEO Premium plugin v25.4 (Yoast SEO v26.8) - https:\/\/yoast.com\/product\/yoast-seo-premium-wordpress\/ -->\n<title>Compensaci\u00f3n laboral: Gu\u00eda completa para negocios peque\u00f1os<\/title>\n<meta name=\"description\" content=\"\u00bfCu\u00e1nto cuesta el seguro de compensaci\u00f3n laboral? Esta gu\u00eda te ayudar\u00e1 con los aspectos esenciales como cu\u00e1nto cuesta y c\u00f3mo obtenerla.\" \/>\n<meta name=\"robots\" content=\"index, follow, max-snippet:-1, max-image-preview:large, max-video-preview:-1\" \/>\n<link rel=\"canonical\" href=\"https:\/\/evhcc.org\/es\/compensacion-laboral-para-negocios-pequenos\/\" \/>\n<meta property=\"og:locale\" content=\"es_ES\" \/>\n<meta property=\"og:type\" content=\"article\" \/>\n<meta property=\"og:title\" content=\"Compensaci\u00f3n laboral: Gu\u00eda completa para negocios peque\u00f1os\" \/>\n<meta property=\"og:description\" content=\"\u00bfCu\u00e1nto cuesta el seguro de compensaci\u00f3n laboral? Esta gu\u00eda te ayudar\u00e1 los aspectos esenciales como cu\u00e1nto cuesta y c\u00f3mo obtenerla.\" \/>\n<meta property=\"og:url\" content=\"https:\/\/evhcc.org\/es\/compensacion-laboral-para-negocios-pequenos\/\" \/>\n<meta property=\"og:site_name\" content=\"EVHCC\" \/>\n<meta property=\"article:publisher\" content=\"https:\/\/www.facebook.com\/EVHCC\/\" \/>\n<meta property=\"article:published_time\" content=\"2024-07-19T21:31:55+00:00\" \/>\n<meta property=\"article:modified_time\" content=\"2024-07-19T21:32:13+00:00\" \/>\n<meta property=\"og:image\" content=\"https:\/\/evhcc.org\/wp-content\/uploads\/2024\/07\/Team-work-employees-in-warehouse-working-on-small-business-and-workers-compensation.jpg\" \/>\n\t<meta property=\"og:image:width\" content=\"1500\" \/>\n\t<meta property=\"og:image:height\" content=\"1001\" \/>\n\t<meta property=\"og:image:type\" content=\"image\/jpeg\" \/>\n<meta name=\"author\" content=\"EVHCC\" \/>\n<meta name=\"twitter:card\" content=\"summary_large_image\" \/>\n<meta name=\"twitter:title\" content=\"Compensaci\u00f3n laboral: Gu\u00eda completa para negocios peque\u00f1os\" \/>\n<meta name=\"twitter:description\" content=\"\u00bfCu\u00e1nto cuesta el seguro de compensaci\u00f3n laboral? Esta gu\u00eda te ayudar\u00e1 los aspectos esenciales como cu\u00e1nto cuesta y c\u00f3mo obtenerla.\" \/>\n<meta name=\"twitter:image\" content=\"https:\/\/evhcc.org\/wp-content\/uploads\/2024\/07\/Team-work-employees-in-warehouse-working-on-small-business-and-workers-compensation.jpg\" \/>\n<meta name=\"twitter:creator\" content=\"@MesaEVHCC\" \/>\n<meta name=\"twitter:site\" content=\"@MesaEVHCC\" \/>\n<meta name=\"twitter:label1\" content=\"Escrito por\" \/>\n\t<meta name=\"twitter:data1\" content=\"EVHCC\" \/>\n\t<meta name=\"twitter:label2\" content=\"Tiempo de lectura\" \/>\n\t<meta name=\"twitter:data2\" content=\"4 minutos\" \/>\n<script type=\"application\/ld+json\" class=\"yoast-schema-graph\">{\"@context\":\"https:\/\/schema.org\",\"@graph\":[{\"@type\":\"Article\",\"@id\":\"https:\/\/evhcc.org\/es\/compensacion-laboral-para-negocios-pequenos\/#article\",\"isPartOf\":{\"@id\":\"https:\/\/evhcc.org\/es\/compensacion-laboral-para-negocios-pequenos\/\"},\"author\":{\"name\":\"EVHCC\",\"@id\":\"https:\/\/evhcc.org\/es\/#\/schema\/person\/c8651209c2d7f0820e4276b94ed71d0e\"},\"headline\":\"Compensaci\u00f3n laboral para negocios peque\u00f1os\",\"datePublished\":\"2024-07-19T21:31:55+00:00\",\"dateModified\":\"2024-07-19T21:32:13+00:00\",\"mainEntityOfPage\":{\"@id\":\"https:\/\/evhcc.org\/es\/compensacion-laboral-para-negocios-pequenos\/\"},\"wordCount\":771,\"publisher\":{\"@id\":\"https:\/\/evhcc.org\/es\/#organization\"},\"image\":{\"@id\":\"https:\/\/evhcc.org\/es\/compensacion-laboral-para-negocios-pequenos\/#primaryimage\"},\"thumbnailUrl\":\"https:\/\/evhcc.org\/wp-content\/uploads\/2024\/07\/Team-work-employees-in-warehouse-working-on-small-business-and-workers-compensation.jpg\",\"articleSection\":[\"Contabilidad\"],\"inLanguage\":\"es\"},{\"@type\":\"WebPage\",\"@id\":\"https:\/\/evhcc.org\/es\/compensacion-laboral-para-negocios-pequenos\/\",\"url\":\"https:\/\/evhcc.org\/es\/compensacion-laboral-para-negocios-pequenos\/\",\"name\":\"Compensaci\u00f3n laboral: Gu\u00eda completa para negocios peque\u00f1os\",\"isPartOf\":{\"@id\":\"https:\/\/evhcc.org\/es\/#website\"},\"primaryImageOfPage\":{\"@id\":\"https:\/\/evhcc.org\/es\/compensacion-laboral-para-negocios-pequenos\/#primaryimage\"},\"image\":{\"@id\":\"https:\/\/evhcc.org\/es\/compensacion-laboral-para-negocios-pequenos\/#primaryimage\"},\"thumbnailUrl\":\"https:\/\/evhcc.org\/wp-content\/uploads\/2024\/07\/Team-work-employees-in-warehouse-working-on-small-business-and-workers-compensation.jpg\",\"datePublished\":\"2024-07-19T21:31:55+00:00\",\"dateModified\":\"2024-07-19T21:32:13+00:00\",\"description\":\"\u00bfCu\u00e1nto cuesta el seguro de compensaci\u00f3n laboral? Esta gu\u00eda te ayudar\u00e1 con los aspectos esenciales como cu\u00e1nto cuesta y c\u00f3mo obtenerla.\",\"breadcrumb\":{\"@id\":\"https:\/\/evhcc.org\/es\/compensacion-laboral-para-negocios-pequenos\/#breadcrumb\"},\"inLanguage\":\"es\",\"potentialAction\":[{\"@type\":\"ReadAction\",\"target\":[\"https:\/\/evhcc.org\/es\/compensacion-laboral-para-negocios-pequenos\/\"]}]},{\"@type\":\"ImageObject\",\"inLanguage\":\"es\",\"@id\":\"https:\/\/evhcc.org\/es\/compensacion-laboral-para-negocios-pequenos\/#primaryimage\",\"url\":\"https:\/\/evhcc.org\/wp-content\/uploads\/2024\/07\/Team-work-employees-in-warehouse-working-on-small-business-and-workers-compensation.jpg\",\"contentUrl\":\"https:\/\/evhcc.org\/wp-content\/uploads\/2024\/07\/Team-work-employees-in-warehouse-working-on-small-business-and-workers-compensation.jpg\",\"width\":1500,\"height\":1001,\"caption\":\"Team work employees in warehouse working on small business and workers compensation\"},{\"@type\":\"BreadcrumbList\",\"@id\":\"https:\/\/evhcc.org\/es\/compensacion-laboral-para-negocios-pequenos\/#breadcrumb\",\"itemListElement\":[{\"@type\":\"ListItem\",\"position\":1,\"name\":\"Home\",\"item\":\"https:\/\/evhcc.org\/es\/\"},{\"@type\":\"ListItem\",\"position\":2,\"name\":\"Compensaci\u00f3n laboral para negocios peque\u00f1os\"}]},{\"@type\":\"WebSite\",\"@id\":\"https:\/\/evhcc.org\/es\/#website\",\"url\":\"https:\/\/evhcc.org\/es\/\",\"name\":\"EVHCC\",\"description\":\"East Valley Hispanic Chamber of Commerce\",\"publisher\":{\"@id\":\"https:\/\/evhcc.org\/es\/#organization\"},\"potentialAction\":[{\"@type\":\"SearchAction\",\"target\":{\"@type\":\"EntryPoint\",\"urlTemplate\":\"https:\/\/evhcc.org\/es\/?s={search_term_string}\"},\"query-input\":{\"@type\":\"PropertyValueSpecification\",\"valueRequired\":true,\"valueName\":\"search_term_string\"}}],\"inLanguage\":\"es\"},{\"@type\":\"Organization\",\"@id\":\"https:\/\/evhcc.org\/es\/#organization\",\"name\":\"EAST VALLEY HISPANIC chamber of comerce\",\"url\":\"https:\/\/evhcc.org\/es\/\",\"logo\":{\"@type\":\"ImageObject\",\"inLanguage\":\"es\",\"@id\":\"https:\/\/evhcc.org\/es\/#\/schema\/logo\/image\/\",\"url\":\"https:\/\/secureservercdn.net\/166.62.107.20\/g5g.a4e.myftpupload.com\/wp-content\/uploads\/2019\/01\/EVHCC-Logo-image-jpg-min.jpg?time=1636751545\",\"contentUrl\":\"https:\/\/secureservercdn.net\/166.62.107.20\/g5g.a4e.myftpupload.com\/wp-content\/uploads\/2019\/01\/EVHCC-Logo-image-jpg-min.jpg?time=1636751545\",\"width\":190,\"height\":225,\"caption\":\"EAST VALLEY HISPANIC chamber of comerce\"},\"image\":{\"@id\":\"https:\/\/evhcc.org\/es\/#\/schema\/logo\/image\/\"},\"sameAs\":[\"https:\/\/www.facebook.com\/EVHCC\/\",\"https:\/\/x.com\/MesaEVHCC\"]},{\"@type\":\"Person\",\"@id\":\"https:\/\/evhcc.org\/es\/#\/schema\/person\/c8651209c2d7f0820e4276b94ed71d0e\",\"name\":\"EVHCC\",\"image\":{\"@type\":\"ImageObject\",\"inLanguage\":\"es\",\"@id\":\"https:\/\/evhcc.org\/es\/#\/schema\/person\/image\/\",\"url\":\"\/\/www.gravatar.com\/avatar\/66fddfd6d871c741819e42e2cff22107?s=96&#038;r=g&#038;d=mm\",\"contentUrl\":\"\/\/www.gravatar.com\/avatar\/66fddfd6d871c741819e42e2cff22107?s=96&#038;r=g&#038;d=mm\",\"caption\":\"EVHCC\"},\"url\":\"https:\/\/evhcc.org\/es\/author\/antonio\/\"}]}<\/script>\n<!-- \/ Yoast SEO Premium plugin. -->","yoast_head_json":{"title":"Compensaci\u00f3n laboral: Gu\u00eda completa para negocios peque\u00f1os","description":"\u00bfCu\u00e1nto cuesta el seguro de compensaci\u00f3n laboral? Esta gu\u00eda te ayudar\u00e1 con los aspectos esenciales como cu\u00e1nto cuesta y c\u00f3mo obtenerla.","robots":{"index":"index","follow":"follow","max-snippet":"max-snippet:-1","max-image-preview":"max-image-preview:large","max-video-preview":"max-video-preview:-1"},"canonical":"https:\/\/evhcc.org\/es\/compensacion-laboral-para-negocios-pequenos\/","og_locale":"es_ES","og_type":"article","og_title":"Compensaci\u00f3n laboral: Gu\u00eda completa para negocios peque\u00f1os","og_description":"\u00bfCu\u00e1nto cuesta el seguro de compensaci\u00f3n laboral? Esta gu\u00eda te ayudar\u00e1 los aspectos esenciales como cu\u00e1nto cuesta y c\u00f3mo obtenerla.","og_url":"https:\/\/evhcc.org\/es\/compensacion-laboral-para-negocios-pequenos\/","og_site_name":"EVHCC","article_publisher":"https:\/\/www.facebook.com\/EVHCC\/","article_published_time":"2024-07-19T21:31:55+00:00","article_modified_time":"2024-07-19T21:32:13+00:00","og_image":[{"width":1500,"height":1001,"url":"https:\/\/evhcc.org\/wp-content\/uploads\/2024\/07\/Team-work-employees-in-warehouse-working-on-small-business-and-workers-compensation.jpg","type":"image\/jpeg"}],"author":"EVHCC","twitter_card":"summary_large_image","twitter_title":"Compensaci\u00f3n laboral: Gu\u00eda completa para negocios peque\u00f1os","twitter_description":"\u00bfCu\u00e1nto cuesta el seguro de compensaci\u00f3n laboral? Esta gu\u00eda te ayudar\u00e1 los aspectos esenciales como cu\u00e1nto cuesta y c\u00f3mo obtenerla.","twitter_image":"https:\/\/evhcc.org\/wp-content\/uploads\/2024\/07\/Team-work-employees-in-warehouse-working-on-small-business-and-workers-compensation.jpg","twitter_creator":"@MesaEVHCC","twitter_site":"@MesaEVHCC","twitter_misc":{"Escrito por":"EVHCC","Tiempo de lectura":"4 minutos"},"schema":{"@context":"https:\/\/schema.org","@graph":[{"@type":"Article","@id":"https:\/\/evhcc.org\/es\/compensacion-laboral-para-negocios-pequenos\/#article","isPartOf":{"@id":"https:\/\/evhcc.org\/es\/compensacion-laboral-para-negocios-pequenos\/"},"author":{"name":"EVHCC","@id":"https:\/\/evhcc.org\/es\/#\/schema\/person\/c8651209c2d7f0820e4276b94ed71d0e"},"headline":"Compensaci\u00f3n laboral para negocios peque\u00f1os","datePublished":"2024-07-19T21:31:55+00:00","dateModified":"2024-07-19T21:32:13+00:00","mainEntityOfPage":{"@id":"https:\/\/evhcc.org\/es\/compensacion-laboral-para-negocios-pequenos\/"},"wordCount":771,"publisher":{"@id":"https:\/\/evhcc.org\/es\/#organization"},"image":{"@id":"https:\/\/evhcc.org\/es\/compensacion-laboral-para-negocios-pequenos\/#primaryimage"},"thumbnailUrl":"https:\/\/evhcc.org\/wp-content\/uploads\/2024\/07\/Team-work-employees-in-warehouse-working-on-small-business-and-workers-compensation.jpg","articleSection":["Contabilidad"],"inLanguage":"es"},{"@type":"WebPage","@id":"https:\/\/evhcc.org\/es\/compensacion-laboral-para-negocios-pequenos\/","url":"https:\/\/evhcc.org\/es\/compensacion-laboral-para-negocios-pequenos\/","name":"Compensaci\u00f3n laboral: Gu\u00eda completa para negocios peque\u00f1os","isPartOf":{"@id":"https:\/\/evhcc.org\/es\/#website"},"primaryImageOfPage":{"@id":"https:\/\/evhcc.org\/es\/compensacion-laboral-para-negocios-pequenos\/#primaryimage"},"image":{"@id":"https:\/\/evhcc.org\/es\/compensacion-laboral-para-negocios-pequenos\/#primaryimage"},"thumbnailUrl":"https:\/\/evhcc.org\/wp-content\/uploads\/2024\/07\/Team-work-employees-in-warehouse-working-on-small-business-and-workers-compensation.jpg","datePublished":"2024-07-19T21:31:55+00:00","dateModified":"2024-07-19T21:32:13+00:00","description":"\u00bfCu\u00e1nto cuesta el seguro de compensaci\u00f3n laboral? Esta gu\u00eda te ayudar\u00e1 con los aspectos esenciales como cu\u00e1nto cuesta y c\u00f3mo obtenerla.","breadcrumb":{"@id":"https:\/\/evhcc.org\/es\/compensacion-laboral-para-negocios-pequenos\/#breadcrumb"},"inLanguage":"es","potentialAction":[{"@type":"ReadAction","target":["https:\/\/evhcc.org\/es\/compensacion-laboral-para-negocios-pequenos\/"]}]},{"@type":"ImageObject","inLanguage":"es","@id":"https:\/\/evhcc.org\/es\/compensacion-laboral-para-negocios-pequenos\/#primaryimage","url":"https:\/\/evhcc.org\/wp-content\/uploads\/2024\/07\/Team-work-employees-in-warehouse-working-on-small-business-and-workers-compensation.jpg","contentUrl":"https:\/\/evhcc.org\/wp-content\/uploads\/2024\/07\/Team-work-employees-in-warehouse-working-on-small-business-and-workers-compensation.jpg","width":1500,"height":1001,"caption":"Team work employees in warehouse working on small business and workers compensation"},{"@type":"BreadcrumbList","@id":"https:\/\/evhcc.org\/es\/compensacion-laboral-para-negocios-pequenos\/#breadcrumb","itemListElement":[{"@type":"ListItem","position":1,"name":"Home","item":"https:\/\/evhcc.org\/es\/"},{"@type":"ListItem","position":2,"name":"Compensaci\u00f3n laboral para negocios peque\u00f1os"}]},{"@type":"WebSite","@id":"https:\/\/evhcc.org\/es\/#website","url":"https:\/\/evhcc.org\/es\/","name":"EVHCC","description":"East Valley Hispanic Chamber of Commerce","publisher":{"@id":"https:\/\/evhcc.org\/es\/#organization"},"potentialAction":[{"@type":"SearchAction","target":{"@type":"EntryPoint","urlTemplate":"https:\/\/evhcc.org\/es\/?s={search_term_string}"},"query-input":{"@type":"PropertyValueSpecification","valueRequired":true,"valueName":"search_term_string"}}],"inLanguage":"es"},{"@type":"Organization","@id":"https:\/\/evhcc.org\/es\/#organization","name":"EAST VALLEY HISPANIC chamber of comerce","url":"https:\/\/evhcc.org\/es\/","logo":{"@type":"ImageObject","inLanguage":"es","@id":"https:\/\/evhcc.org\/es\/#\/schema\/logo\/image\/","url":"https:\/\/secureservercdn.net\/166.62.107.20\/g5g.a4e.myftpupload.com\/wp-content\/uploads\/2019\/01\/EVHCC-Logo-image-jpg-min.jpg?time=1636751545","contentUrl":"https:\/\/secureservercdn.net\/166.62.107.20\/g5g.a4e.myftpupload.com\/wp-content\/uploads\/2019\/01\/EVHCC-Logo-image-jpg-min.jpg?time=1636751545","width":190,"height":225,"caption":"EAST VALLEY HISPANIC chamber of comerce"},"image":{"@id":"https:\/\/evhcc.org\/es\/#\/schema\/logo\/image\/"},"sameAs":["https:\/\/www.facebook.com\/EVHCC\/","https:\/\/x.com\/MesaEVHCC"]},{"@type":"Person","@id":"https:\/\/evhcc.org\/es\/#\/schema\/person\/c8651209c2d7f0820e4276b94ed71d0e","name":"EVHCC","image":{"@type":"ImageObject","inLanguage":"es","@id":"https:\/\/evhcc.org\/es\/#\/schema\/person\/image\/","url":"\/\/www.gravatar.com\/avatar\/66fddfd6d871c741819e42e2cff22107?s=96&#038;r=g&#038;d=mm","contentUrl":"\/\/www.gravatar.com\/avatar\/66fddfd6d871c741819e42e2cff22107?s=96&#038;r=g&#038;d=mm","caption":"EVHCC"},"url":"https:\/\/evhcc.org\/es\/author\/antonio\/"}]}},"_links":{"self":[{"href":"https:\/\/evhcc.org\/es\/wp-json\/wp\/v2\/posts\/83131","targetHints":{"allow":["GET"]}}],"collection":[{"href":"https:\/\/evhcc.org\/es\/wp-json\/wp\/v2\/posts"}],"about":[{"href":"https:\/\/evhcc.org\/es\/wp-json\/wp\/v2\/types\/post"}],"author":[{"embeddable":true,"href":"https:\/\/evhcc.org\/es\/wp-json\/wp\/v2\/users\/7474"}],"replies":[{"embeddable":true,"href":"https:\/\/evhcc.org\/es\/wp-json\/wp\/v2\/comments?post=83131"}],"version-history":[{"count":0,"href":"https:\/\/evhcc.org\/es\/wp-json\/wp\/v2\/posts\/83131\/revisions"}],"wp:featuredmedia":[{"embeddable":true,"href":"https:\/\/evhcc.org\/es\/wp-json\/wp\/v2\/media\/83128"}],"wp:attachment":[{"href":"https:\/\/evhcc.org\/es\/wp-json\/wp\/v2\/media?parent=83131"}],"wp:term":[{"taxonomy":"category","embeddable":true,"href":"https:\/\/evhcc.org\/es\/wp-json\/wp\/v2\/categories?post=83131"},{"taxonomy":"post_tag","embeddable":true,"href":"https:\/\/evhcc.org\/es\/wp-json\/wp\/v2\/tags?post=83131"}],"curies":[{"name":"wp","href":"https:\/\/api.w.org\/{rel}","templated":true}]}}