{"id":78230,"date":"2015-10-01T06:31:36","date_gmt":"2015-10-01T13:31:36","guid":{"rendered":"https:\/\/evhcc.org\/perfil-de-video-de-manny-frklich\/"},"modified":"2015-10-01T06:31:36","modified_gmt":"2015-10-01T13:31:36","slug":"perfil-de-video-de-manny-frklich","status":"publish","type":"post","link":"https:\/\/evhcc.org\/es\/perfil-de-video-de-manny-frklich\/","title":{"rendered":"Perfil de v\u00eddeo de Manny Frklich"},"content":{"rendered":"<p>Nuestro ganador del Premio Adelante y \u00c9xito Empresarial de la C\u00e1mara de Comercio Hispana del Este del Valle de 2015 es Manny Frklich. Para saber m\u00e1s sobre Manny, mira su perfil en video:<\/p>\n<p><a href=\"https:\/\/vimeo.com\/141017405\">Perfil de v\u00eddeo de Manny Frklich<\/a><\/p>\n","protected":false},"excerpt":{"rendered":"<p>Nuestro ganador del Premio Adelante y \u00c9xito Empresarial de la C\u00e1mara de Comercio Hispana del Este del Valle de 2015&hellip;<\/p>\n","protected":false},"author":1,"featured_media":0,"comment_status":"closed","ping_status":"closed","sticky":false,"template":"","format":"standard","meta":{"pmpro_default_level":"","footnotes":""},"categories":[540,541],"tags":[],"class_list":["post-78230","post","type-post","status-publish","format-standard","hentry","category-anuncios","category-noticias-y-eventos","pmpro-has-access"],"yoast_head":"<!-- This site is optimized with the Yoast SEO Premium plugin v25.4 (Yoast SEO v26.8) - https:\/\/yoast.com\/product\/yoast-seo-premium-wordpress\/ -->\n<title>Perfil de v\u00eddeo de Manny Frklich - EVHCC<\/title>\n<meta name=\"robots\" content=\"index, follow, max-snippet:-1, max-image-preview:large, max-video-preview:-1\" \/>\n<link rel=\"canonical\" href=\"https:\/\/evhcc.org\/es\/perfil-de-video-de-manny-frklich\/\" \/>\n<meta property=\"og:locale\" content=\"es_ES\" \/>\n<meta property=\"og:type\" content=\"article\" \/>\n<meta property=\"og:title\" content=\"Perfil de v\u00eddeo de Manny Frklich\" \/>\n<meta property=\"og:description\" content=\"Nuestro ganador del Premio Adelante y \u00c9xito Empresarial de la C\u00e1mara de Comercio Hispana del Este del Valle de 2015&hellip;\" \/>\n<meta property=\"og:url\" content=\"https:\/\/evhcc.org\/es\/perfil-de-video-de-manny-frklich\/\" \/>\n<meta property=\"og:site_name\" content=\"EVHCC\" \/>\n<meta property=\"article:publisher\" content=\"https:\/\/www.facebook.com\/EVHCC\/\" \/>\n<meta property=\"article:published_time\" content=\"2015-10-01T13:31:36+00:00\" \/>\n<meta name=\"author\" content=\"Gabriel\" \/>\n<meta name=\"twitter:card\" content=\"summary_large_image\" \/>\n<meta name=\"twitter:creator\" content=\"@MesaEVHCC\" \/>\n<meta name=\"twitter:site\" content=\"@MesaEVHCC\" \/>\n<meta name=\"twitter:label1\" content=\"Escrito por\" \/>\n\t<meta name=\"twitter:data1\" content=\"Gabriel\" \/>\n<script type=\"application\/ld+json\" class=\"yoast-schema-graph\">{\"@context\":\"https:\/\/schema.org\",\"@graph\":[{\"@type\":\"Article\",\"@id\":\"https:\/\/evhcc.org\/es\/perfil-de-video-de-manny-frklich\/#article\",\"isPartOf\":{\"@id\":\"https:\/\/evhcc.org\/es\/perfil-de-video-de-manny-frklich\/\"},\"author\":{\"name\":\"Gabriel\",\"@id\":\"https:\/\/evhcc.org\/es\/#\/schema\/person\/fd3e576361123849389115291f2f54a9\"},\"headline\":\"Perfil de v\u00eddeo de Manny Frklich\",\"datePublished\":\"2015-10-01T13:31:36+00:00\",\"mainEntityOfPage\":{\"@id\":\"https:\/\/evhcc.org\/es\/perfil-de-video-de-manny-frklich\/\"},\"wordCount\":48,\"publisher\":{\"@id\":\"https:\/\/evhcc.org\/es\/#organization\"},\"articleSection\":[\"Anuncios\",\"Noticias y Eventos\"],\"inLanguage\":\"es\"},{\"@type\":\"WebPage\",\"@id\":\"https:\/\/evhcc.org\/es\/perfil-de-video-de-manny-frklich\/\",\"url\":\"https:\/\/evhcc.org\/es\/perfil-de-video-de-manny-frklich\/\",\"name\":\"Perfil de v\u00eddeo de Manny Frklich - EVHCC\",\"isPartOf\":{\"@id\":\"https:\/\/evhcc.org\/es\/#website\"},\"datePublished\":\"2015-10-01T13:31:36+00:00\",\"breadcrumb\":{\"@id\":\"https:\/\/evhcc.org\/es\/perfil-de-video-de-manny-frklich\/#breadcrumb\"},\"inLanguage\":\"es\",\"potentialAction\":[{\"@type\":\"ReadAction\",\"target\":[\"https:\/\/evhcc.org\/es\/perfil-de-video-de-manny-frklich\/\"]}]},{\"@type\":\"BreadcrumbList\",\"@id\":\"https:\/\/evhcc.org\/es\/perfil-de-video-de-manny-frklich\/#breadcrumb\",\"itemListElement\":[{\"@type\":\"ListItem\",\"position\":1,\"name\":\"Home\",\"item\":\"https:\/\/evhcc.org\/es\/\"},{\"@type\":\"ListItem\",\"position\":2,\"name\":\"Perfil de v\u00eddeo de Manny Frklich\"}]},{\"@type\":\"WebSite\",\"@id\":\"https:\/\/evhcc.org\/es\/#website\",\"url\":\"https:\/\/evhcc.org\/es\/\",\"name\":\"EVHCC\",\"description\":\"East Valley Hispanic Chamber of Commerce\",\"publisher\":{\"@id\":\"https:\/\/evhcc.org\/es\/#organization\"},\"potentialAction\":[{\"@type\":\"SearchAction\",\"target\":{\"@type\":\"EntryPoint\",\"urlTemplate\":\"https:\/\/evhcc.org\/es\/?s={search_term_string}\"},\"query-input\":{\"@type\":\"PropertyValueSpecification\",\"valueRequired\":true,\"valueName\":\"search_term_string\"}}],\"inLanguage\":\"es\"},{\"@type\":\"Organization\",\"@id\":\"https:\/\/evhcc.org\/es\/#organization\",\"name\":\"EAST VALLEY HISPANIC chamber of comerce\",\"url\":\"https:\/\/evhcc.org\/es\/\",\"logo\":{\"@type\":\"ImageObject\",\"inLanguage\":\"es\",\"@id\":\"https:\/\/evhcc.org\/es\/#\/schema\/logo\/image\/\",\"url\":\"https:\/\/secureservercdn.net\/166.62.107.20\/g5g.a4e.myftpupload.com\/wp-content\/uploads\/2019\/01\/EVHCC-Logo-image-jpg-min.jpg?time=1636751545\",\"contentUrl\":\"https:\/\/secureservercdn.net\/166.62.107.20\/g5g.a4e.myftpupload.com\/wp-content\/uploads\/2019\/01\/EVHCC-Logo-image-jpg-min.jpg?time=1636751545\",\"width\":190,\"height\":225,\"caption\":\"EAST VALLEY HISPANIC chamber of comerce\"},\"image\":{\"@id\":\"https:\/\/evhcc.org\/es\/#\/schema\/logo\/image\/\"},\"sameAs\":[\"https:\/\/www.facebook.com\/EVHCC\/\",\"https:\/\/x.com\/MesaEVHCC\"]},{\"@type\":\"Person\",\"@id\":\"https:\/\/evhcc.org\/es\/#\/schema\/person\/fd3e576361123849389115291f2f54a9\",\"name\":\"Gabriel\",\"image\":{\"@type\":\"ImageObject\",\"inLanguage\":\"es\",\"@id\":\"https:\/\/evhcc.org\/es\/#\/schema\/person\/image\/\",\"url\":\"https:\/\/evhcc.org\/wp-content\/uploads\/2019\/05\/EVHCC-STAFF-96x96.png\",\"contentUrl\":\"https:\/\/evhcc.org\/wp-content\/uploads\/2019\/05\/EVHCC-STAFF-96x96.png\",\"caption\":\"Gabriel\"},\"sameAs\":[\"http:\/\/www.evhcc.com\"],\"url\":\"https:\/\/evhcc.org\/es\/author\/admin\/\"}]}<\/script>\n<!-- \/ Yoast SEO Premium plugin. -->","yoast_head_json":{"title":"Perfil de v\u00eddeo de Manny Frklich - EVHCC","robots":{"index":"index","follow":"follow","max-snippet":"max-snippet:-1","max-image-preview":"max-image-preview:large","max-video-preview":"max-video-preview:-1"},"canonical":"https:\/\/evhcc.org\/es\/perfil-de-video-de-manny-frklich\/","og_locale":"es_ES","og_type":"article","og_title":"Perfil de v\u00eddeo de Manny Frklich","og_description":"Nuestro ganador del Premio Adelante y \u00c9xito Empresarial de la C\u00e1mara de Comercio Hispana del Este del Valle de 2015&hellip;","og_url":"https:\/\/evhcc.org\/es\/perfil-de-video-de-manny-frklich\/","og_site_name":"EVHCC","article_publisher":"https:\/\/www.facebook.com\/EVHCC\/","article_published_time":"2015-10-01T13:31:36+00:00","author":"Gabriel","twitter_card":"summary_large_image","twitter_creator":"@MesaEVHCC","twitter_site":"@MesaEVHCC","twitter_misc":{"Escrito por":"Gabriel"},"schema":{"@context":"https:\/\/schema.org","@graph":[{"@type":"Article","@id":"https:\/\/evhcc.org\/es\/perfil-de-video-de-manny-frklich\/#article","isPartOf":{"@id":"https:\/\/evhcc.org\/es\/perfil-de-video-de-manny-frklich\/"},"author":{"name":"Gabriel","@id":"https:\/\/evhcc.org\/es\/#\/schema\/person\/fd3e576361123849389115291f2f54a9"},"headline":"Perfil de v\u00eddeo de Manny Frklich","datePublished":"2015-10-01T13:31:36+00:00","mainEntityOfPage":{"@id":"https:\/\/evhcc.org\/es\/perfil-de-video-de-manny-frklich\/"},"wordCount":48,"publisher":{"@id":"https:\/\/evhcc.org\/es\/#organization"},"articleSection":["Anuncios","Noticias y Eventos"],"inLanguage":"es"},{"@type":"WebPage","@id":"https:\/\/evhcc.org\/es\/perfil-de-video-de-manny-frklich\/","url":"https:\/\/evhcc.org\/es\/perfil-de-video-de-manny-frklich\/","name":"Perfil de v\u00eddeo de Manny Frklich - EVHCC","isPartOf":{"@id":"https:\/\/evhcc.org\/es\/#website"},"datePublished":"2015-10-01T13:31:36+00:00","breadcrumb":{"@id":"https:\/\/evhcc.org\/es\/perfil-de-video-de-manny-frklich\/#breadcrumb"},"inLanguage":"es","potentialAction":[{"@type":"ReadAction","target":["https:\/\/evhcc.org\/es\/perfil-de-video-de-manny-frklich\/"]}]},{"@type":"BreadcrumbList","@id":"https:\/\/evhcc.org\/es\/perfil-de-video-de-manny-frklich\/#breadcrumb","itemListElement":[{"@type":"ListItem","position":1,"name":"Home","item":"https:\/\/evhcc.org\/es\/"},{"@type":"ListItem","position":2,"name":"Perfil de v\u00eddeo de Manny Frklich"}]},{"@type":"WebSite","@id":"https:\/\/evhcc.org\/es\/#website","url":"https:\/\/evhcc.org\/es\/","name":"EVHCC","description":"East Valley Hispanic Chamber of Commerce","publisher":{"@id":"https:\/\/evhcc.org\/es\/#organization"},"potentialAction":[{"@type":"SearchAction","target":{"@type":"EntryPoint","urlTemplate":"https:\/\/evhcc.org\/es\/?s={search_term_string}"},"query-input":{"@type":"PropertyValueSpecification","valueRequired":true,"valueName":"search_term_string"}}],"inLanguage":"es"},{"@type":"Organization","@id":"https:\/\/evhcc.org\/es\/#organization","name":"EAST VALLEY HISPANIC chamber of comerce","url":"https:\/\/evhcc.org\/es\/","logo":{"@type":"ImageObject","inLanguage":"es","@id":"https:\/\/evhcc.org\/es\/#\/schema\/logo\/image\/","url":"https:\/\/secureservercdn.net\/166.62.107.20\/g5g.a4e.myftpupload.com\/wp-content\/uploads\/2019\/01\/EVHCC-Logo-image-jpg-min.jpg?time=1636751545","contentUrl":"https:\/\/secureservercdn.net\/166.62.107.20\/g5g.a4e.myftpupload.com\/wp-content\/uploads\/2019\/01\/EVHCC-Logo-image-jpg-min.jpg?time=1636751545","width":190,"height":225,"caption":"EAST VALLEY HISPANIC chamber of comerce"},"image":{"@id":"https:\/\/evhcc.org\/es\/#\/schema\/logo\/image\/"},"sameAs":["https:\/\/www.facebook.com\/EVHCC\/","https:\/\/x.com\/MesaEVHCC"]},{"@type":"Person","@id":"https:\/\/evhcc.org\/es\/#\/schema\/person\/fd3e576361123849389115291f2f54a9","name":"Gabriel","image":{"@type":"ImageObject","inLanguage":"es","@id":"https:\/\/evhcc.org\/es\/#\/schema\/person\/image\/","url":"https:\/\/evhcc.org\/wp-content\/uploads\/2019\/05\/EVHCC-STAFF-96x96.png","contentUrl":"https:\/\/evhcc.org\/wp-content\/uploads\/2019\/05\/EVHCC-STAFF-96x96.png","caption":"Gabriel"},"sameAs":["http:\/\/www.evhcc.com"],"url":"https:\/\/evhcc.org\/es\/author\/admin\/"}]}},"_links":{"self":[{"href":"https:\/\/evhcc.org\/es\/wp-json\/wp\/v2\/posts\/78230","targetHints":{"allow":["GET"]}}],"collection":[{"href":"https:\/\/evhcc.org\/es\/wp-json\/wp\/v2\/posts"}],"about":[{"href":"https:\/\/evhcc.org\/es\/wp-json\/wp\/v2\/types\/post"}],"author":[{"embeddable":true,"href":"https:\/\/evhcc.org\/es\/wp-json\/wp\/v2\/users\/1"}],"replies":[{"embeddable":true,"href":"https:\/\/evhcc.org\/es\/wp-json\/wp\/v2\/comments?post=78230"}],"version-history":[{"count":0,"href":"https:\/\/evhcc.org\/es\/wp-json\/wp\/v2\/posts\/78230\/revisions"}],"wp:attachment":[{"href":"https:\/\/evhcc.org\/es\/wp-json\/wp\/v2\/media?parent=78230"}],"wp:term":[{"taxonomy":"category","embeddable":true,"href":"https:\/\/evhcc.org\/es\/wp-json\/wp\/v2\/categories?post=78230"},{"taxonomy":"post_tag","embeddable":true,"href":"https:\/\/evhcc.org\/es\/wp-json\/wp\/v2\/tags?post=78230"}],"curies":[{"name":"wp","href":"https:\/\/api.w.org\/{rel}","templated":true}]}}