{"id":78224,"date":"2015-10-22T14:50:59","date_gmt":"2015-10-22T21:50:59","guid":{"rendered":"https:\/\/evhcc.org\/ballet-folklorico-de-mexico-de-amalia-hernandez-descuento-de-5-para-miembros-y-amigos-de-evhcc\/"},"modified":"2015-10-22T14:50:59","modified_gmt":"2015-10-22T21:50:59","slug":"ballet-folklorico-de-mexico-de-amalia-hernandez-descuento-de-5-para-miembros-y-amigos-de-evhcc","status":"publish","type":"post","link":"https:\/\/evhcc.org\/es\/ballet-folklorico-de-mexico-de-amalia-hernandez-descuento-de-5-para-miembros-y-amigos-de-evhcc\/","title":{"rendered":"Ballet Folkl\u00f3rico de M\u00e9xico de Amalia Hern\u00e1ndez \u00a1Descuento de $5 para miembros y amigos de EVHCC!"},"content":{"rendered":"<p>Ballet Folkl\u00f3rico de M\u00e9xico de Amalia Hern\u00e1ndez \u00a1Descuento de $5 para miembros y amigos de EVHCC! Use el c\u00f3digo de promoci\u00f3n \u00abCHAMBER\u00bb<\/p>\n<p><a href=\"https:\/\/evhcc.org\/wp-content\/uploads\/2015\/10\/BalletFolkorico_inset_396x233.jpg\"><img fetchpriority=\"high\" decoding=\"async\" src=\"https:\/\/evhcc.org\/wp-content\/uploads\/2015\/10\/BalletFolkorico_inset_396x233.jpg\" alt=\"BalletFolkorico_inset_396x233\" width=\"396\" height=\"233\" class=\"alignnone size-full wp-image-2129\"><\/a><\/p>\n<p>Para comprar boletos, por favor haga clic en el enlace:<br \/>\n<a href=\"http:\/\/www.mesaartscenter.com\/index.php\/shows\/performing-live\/balletfolklorico\">http:\/\/www.mesaartscenter.com\/index.php\/shows\/performing-live\/balletfolklorico<\/a><\/p>\n","protected":false},"excerpt":{"rendered":"<p>Ballet Folkl\u00f3rico de M\u00e9xico de Amalia Hern\u00e1ndez \u00a1Descuento de $5 para miembros y amigos de EVHCC! Use el c\u00f3digo de&hellip;<\/p>\n","protected":false},"author":1,"featured_media":0,"comment_status":"closed","ping_status":"closed","sticky":false,"template":"","format":"standard","meta":{"pmpro_default_level":"","footnotes":""},"categories":[540,541],"tags":[],"class_list":["post-78224","post","type-post","status-publish","format-standard","hentry","category-anuncios","category-noticias-y-eventos","pmpro-has-access"],"yoast_head":"<!-- This site is optimized with the Yoast SEO Premium plugin v25.4 (Yoast SEO v26.8) - https:\/\/yoast.com\/product\/yoast-seo-premium-wordpress\/ -->\n<title>Ballet Folkl\u00f3rico de M\u00e9xico de Amalia Hern\u00e1ndez \u00a1Descuento de $5 para miembros y amigos de EVHCC! - EVHCC<\/title>\n<meta name=\"robots\" content=\"index, follow, max-snippet:-1, max-image-preview:large, max-video-preview:-1\" \/>\n<link rel=\"canonical\" href=\"https:\/\/evhcc.org\/es\/ballet-folklorico-de-mexico-de-amalia-hernandez-descuento-de-5-para-miembros-y-amigos-de-evhcc\/\" \/>\n<meta property=\"og:locale\" content=\"es_ES\" \/>\n<meta property=\"og:type\" content=\"article\" \/>\n<meta property=\"og:title\" content=\"Ballet Folkl\u00f3rico de M\u00e9xico de Amalia Hern\u00e1ndez \u00a1Descuento de $5 para miembros y amigos de EVHCC!\" \/>\n<meta property=\"og:description\" content=\"Ballet Folkl\u00f3rico de M\u00e9xico de Amalia Hern\u00e1ndez \u00a1Descuento de $5 para miembros y amigos de EVHCC! Use el c\u00f3digo de&hellip;\" \/>\n<meta property=\"og:url\" content=\"https:\/\/evhcc.org\/es\/ballet-folklorico-de-mexico-de-amalia-hernandez-descuento-de-5-para-miembros-y-amigos-de-evhcc\/\" \/>\n<meta property=\"og:site_name\" content=\"EVHCC\" \/>\n<meta property=\"article:publisher\" content=\"https:\/\/www.facebook.com\/EVHCC\/\" \/>\n<meta property=\"article:published_time\" content=\"2015-10-22T21:50:59+00:00\" \/>\n<meta property=\"og:image\" content=\"https:\/\/evhcc.org\/wp-content\/uploads\/2015\/10\/BalletFolkorico_inset_396x233.jpg\" \/>\n<meta name=\"author\" content=\"Gabriel\" \/>\n<meta name=\"twitter:card\" content=\"summary_large_image\" \/>\n<meta name=\"twitter:creator\" content=\"@MesaEVHCC\" \/>\n<meta name=\"twitter:site\" content=\"@MesaEVHCC\" \/>\n<meta name=\"twitter:label1\" content=\"Escrito por\" \/>\n\t<meta name=\"twitter:data1\" content=\"Gabriel\" \/>\n<script type=\"application\/ld+json\" class=\"yoast-schema-graph\">{\"@context\":\"https:\/\/schema.org\",\"@graph\":[{\"@type\":\"Article\",\"@id\":\"https:\/\/evhcc.org\/es\/ballet-folklorico-de-mexico-de-amalia-hernandez-descuento-de-5-para-miembros-y-amigos-de-evhcc\/#article\",\"isPartOf\":{\"@id\":\"https:\/\/evhcc.org\/es\/ballet-folklorico-de-mexico-de-amalia-hernandez-descuento-de-5-para-miembros-y-amigos-de-evhcc\/\"},\"author\":{\"name\":\"Gabriel\",\"@id\":\"https:\/\/evhcc.org\/es\/#\/schema\/person\/fd3e576361123849389115291f2f54a9\"},\"headline\":\"Ballet Folkl\u00f3rico de M\u00e9xico de Amalia Hern\u00e1ndez \u00a1Descuento de $5 para miembros y amigos de EVHCC!\",\"datePublished\":\"2015-10-22T21:50:59+00:00\",\"mainEntityOfPage\":{\"@id\":\"https:\/\/evhcc.org\/es\/ballet-folklorico-de-mexico-de-amalia-hernandez-descuento-de-5-para-miembros-y-amigos-de-evhcc\/\"},\"wordCount\":63,\"publisher\":{\"@id\":\"https:\/\/evhcc.org\/es\/#organization\"},\"image\":{\"@id\":\"https:\/\/evhcc.org\/es\/ballet-folklorico-de-mexico-de-amalia-hernandez-descuento-de-5-para-miembros-y-amigos-de-evhcc\/#primaryimage\"},\"thumbnailUrl\":\"https:\/\/evhcc.org\/wp-content\/uploads\/2015\/10\/BalletFolkorico_inset_396x233.jpg\",\"articleSection\":[\"Anuncios\",\"Noticias y Eventos\"],\"inLanguage\":\"es\"},{\"@type\":\"WebPage\",\"@id\":\"https:\/\/evhcc.org\/es\/ballet-folklorico-de-mexico-de-amalia-hernandez-descuento-de-5-para-miembros-y-amigos-de-evhcc\/\",\"url\":\"https:\/\/evhcc.org\/es\/ballet-folklorico-de-mexico-de-amalia-hernandez-descuento-de-5-para-miembros-y-amigos-de-evhcc\/\",\"name\":\"Ballet Folkl\u00f3rico de M\u00e9xico de Amalia Hern\u00e1ndez \u00a1Descuento de $5 para miembros y amigos de EVHCC! - EVHCC\",\"isPartOf\":{\"@id\":\"https:\/\/evhcc.org\/es\/#website\"},\"primaryImageOfPage\":{\"@id\":\"https:\/\/evhcc.org\/es\/ballet-folklorico-de-mexico-de-amalia-hernandez-descuento-de-5-para-miembros-y-amigos-de-evhcc\/#primaryimage\"},\"image\":{\"@id\":\"https:\/\/evhcc.org\/es\/ballet-folklorico-de-mexico-de-amalia-hernandez-descuento-de-5-para-miembros-y-amigos-de-evhcc\/#primaryimage\"},\"thumbnailUrl\":\"https:\/\/evhcc.org\/wp-content\/uploads\/2015\/10\/BalletFolkorico_inset_396x233.jpg\",\"datePublished\":\"2015-10-22T21:50:59+00:00\",\"breadcrumb\":{\"@id\":\"https:\/\/evhcc.org\/es\/ballet-folklorico-de-mexico-de-amalia-hernandez-descuento-de-5-para-miembros-y-amigos-de-evhcc\/#breadcrumb\"},\"inLanguage\":\"es\",\"potentialAction\":[{\"@type\":\"ReadAction\",\"target\":[\"https:\/\/evhcc.org\/es\/ballet-folklorico-de-mexico-de-amalia-hernandez-descuento-de-5-para-miembros-y-amigos-de-evhcc\/\"]}]},{\"@type\":\"ImageObject\",\"inLanguage\":\"es\",\"@id\":\"https:\/\/evhcc.org\/es\/ballet-folklorico-de-mexico-de-amalia-hernandez-descuento-de-5-para-miembros-y-amigos-de-evhcc\/#primaryimage\",\"url\":\"https:\/\/evhcc.org\/wp-content\/uploads\/2015\/10\/BalletFolkorico_inset_396x233.jpg\",\"contentUrl\":\"https:\/\/evhcc.org\/wp-content\/uploads\/2015\/10\/BalletFolkorico_inset_396x233.jpg\"},{\"@type\":\"BreadcrumbList\",\"@id\":\"https:\/\/evhcc.org\/es\/ballet-folklorico-de-mexico-de-amalia-hernandez-descuento-de-5-para-miembros-y-amigos-de-evhcc\/#breadcrumb\",\"itemListElement\":[{\"@type\":\"ListItem\",\"position\":1,\"name\":\"Home\",\"item\":\"https:\/\/evhcc.org\/es\/\"},{\"@type\":\"ListItem\",\"position\":2,\"name\":\"Ballet Folkl\u00f3rico de M\u00e9xico de Amalia Hern\u00e1ndez \u00a1Descuento de $5 para miembros y amigos de EVHCC!\"}]},{\"@type\":\"WebSite\",\"@id\":\"https:\/\/evhcc.org\/es\/#website\",\"url\":\"https:\/\/evhcc.org\/es\/\",\"name\":\"EVHCC\",\"description\":\"East Valley Hispanic Chamber of Commerce\",\"publisher\":{\"@id\":\"https:\/\/evhcc.org\/es\/#organization\"},\"potentialAction\":[{\"@type\":\"SearchAction\",\"target\":{\"@type\":\"EntryPoint\",\"urlTemplate\":\"https:\/\/evhcc.org\/es\/?s={search_term_string}\"},\"query-input\":{\"@type\":\"PropertyValueSpecification\",\"valueRequired\":true,\"valueName\":\"search_term_string\"}}],\"inLanguage\":\"es\"},{\"@type\":\"Organization\",\"@id\":\"https:\/\/evhcc.org\/es\/#organization\",\"name\":\"EAST VALLEY HISPANIC chamber of comerce\",\"url\":\"https:\/\/evhcc.org\/es\/\",\"logo\":{\"@type\":\"ImageObject\",\"inLanguage\":\"es\",\"@id\":\"https:\/\/evhcc.org\/es\/#\/schema\/logo\/image\/\",\"url\":\"https:\/\/secureservercdn.net\/166.62.107.20\/g5g.a4e.myftpupload.com\/wp-content\/uploads\/2019\/01\/EVHCC-Logo-image-jpg-min.jpg?time=1636751545\",\"contentUrl\":\"https:\/\/secureservercdn.net\/166.62.107.20\/g5g.a4e.myftpupload.com\/wp-content\/uploads\/2019\/01\/EVHCC-Logo-image-jpg-min.jpg?time=1636751545\",\"width\":190,\"height\":225,\"caption\":\"EAST VALLEY HISPANIC chamber of comerce\"},\"image\":{\"@id\":\"https:\/\/evhcc.org\/es\/#\/schema\/logo\/image\/\"},\"sameAs\":[\"https:\/\/www.facebook.com\/EVHCC\/\",\"https:\/\/x.com\/MesaEVHCC\"]},{\"@type\":\"Person\",\"@id\":\"https:\/\/evhcc.org\/es\/#\/schema\/person\/fd3e576361123849389115291f2f54a9\",\"name\":\"Gabriel\",\"image\":{\"@type\":\"ImageObject\",\"inLanguage\":\"es\",\"@id\":\"https:\/\/evhcc.org\/es\/#\/schema\/person\/image\/\",\"url\":\"https:\/\/evhcc.org\/wp-content\/uploads\/2019\/05\/EVHCC-STAFF-96x96.png\",\"contentUrl\":\"https:\/\/evhcc.org\/wp-content\/uploads\/2019\/05\/EVHCC-STAFF-96x96.png\",\"caption\":\"Gabriel\"},\"sameAs\":[\"http:\/\/www.evhcc.com\"],\"url\":\"https:\/\/evhcc.org\/es\/author\/admin\/\"}]}<\/script>\n<!-- \/ Yoast SEO Premium plugin. -->","yoast_head_json":{"title":"Ballet Folkl\u00f3rico de M\u00e9xico de Amalia Hern\u00e1ndez \u00a1Descuento de $5 para miembros y amigos de EVHCC! - EVHCC","robots":{"index":"index","follow":"follow","max-snippet":"max-snippet:-1","max-image-preview":"max-image-preview:large","max-video-preview":"max-video-preview:-1"},"canonical":"https:\/\/evhcc.org\/es\/ballet-folklorico-de-mexico-de-amalia-hernandez-descuento-de-5-para-miembros-y-amigos-de-evhcc\/","og_locale":"es_ES","og_type":"article","og_title":"Ballet Folkl\u00f3rico de M\u00e9xico de Amalia Hern\u00e1ndez \u00a1Descuento de $5 para miembros y amigos de EVHCC!","og_description":"Ballet Folkl\u00f3rico de M\u00e9xico de Amalia Hern\u00e1ndez \u00a1Descuento de $5 para miembros y amigos de EVHCC! Use el c\u00f3digo de&hellip;","og_url":"https:\/\/evhcc.org\/es\/ballet-folklorico-de-mexico-de-amalia-hernandez-descuento-de-5-para-miembros-y-amigos-de-evhcc\/","og_site_name":"EVHCC","article_publisher":"https:\/\/www.facebook.com\/EVHCC\/","article_published_time":"2015-10-22T21:50:59+00:00","og_image":[{"url":"https:\/\/evhcc.org\/wp-content\/uploads\/2015\/10\/BalletFolkorico_inset_396x233.jpg","type":"","width":"","height":""}],"author":"Gabriel","twitter_card":"summary_large_image","twitter_creator":"@MesaEVHCC","twitter_site":"@MesaEVHCC","twitter_misc":{"Escrito por":"Gabriel"},"schema":{"@context":"https:\/\/schema.org","@graph":[{"@type":"Article","@id":"https:\/\/evhcc.org\/es\/ballet-folklorico-de-mexico-de-amalia-hernandez-descuento-de-5-para-miembros-y-amigos-de-evhcc\/#article","isPartOf":{"@id":"https:\/\/evhcc.org\/es\/ballet-folklorico-de-mexico-de-amalia-hernandez-descuento-de-5-para-miembros-y-amigos-de-evhcc\/"},"author":{"name":"Gabriel","@id":"https:\/\/evhcc.org\/es\/#\/schema\/person\/fd3e576361123849389115291f2f54a9"},"headline":"Ballet Folkl\u00f3rico de M\u00e9xico de Amalia Hern\u00e1ndez \u00a1Descuento de $5 para miembros y amigos de EVHCC!","datePublished":"2015-10-22T21:50:59+00:00","mainEntityOfPage":{"@id":"https:\/\/evhcc.org\/es\/ballet-folklorico-de-mexico-de-amalia-hernandez-descuento-de-5-para-miembros-y-amigos-de-evhcc\/"},"wordCount":63,"publisher":{"@id":"https:\/\/evhcc.org\/es\/#organization"},"image":{"@id":"https:\/\/evhcc.org\/es\/ballet-folklorico-de-mexico-de-amalia-hernandez-descuento-de-5-para-miembros-y-amigos-de-evhcc\/#primaryimage"},"thumbnailUrl":"https:\/\/evhcc.org\/wp-content\/uploads\/2015\/10\/BalletFolkorico_inset_396x233.jpg","articleSection":["Anuncios","Noticias y Eventos"],"inLanguage":"es"},{"@type":"WebPage","@id":"https:\/\/evhcc.org\/es\/ballet-folklorico-de-mexico-de-amalia-hernandez-descuento-de-5-para-miembros-y-amigos-de-evhcc\/","url":"https:\/\/evhcc.org\/es\/ballet-folklorico-de-mexico-de-amalia-hernandez-descuento-de-5-para-miembros-y-amigos-de-evhcc\/","name":"Ballet Folkl\u00f3rico de M\u00e9xico de Amalia Hern\u00e1ndez \u00a1Descuento de $5 para miembros y amigos de EVHCC! - EVHCC","isPartOf":{"@id":"https:\/\/evhcc.org\/es\/#website"},"primaryImageOfPage":{"@id":"https:\/\/evhcc.org\/es\/ballet-folklorico-de-mexico-de-amalia-hernandez-descuento-de-5-para-miembros-y-amigos-de-evhcc\/#primaryimage"},"image":{"@id":"https:\/\/evhcc.org\/es\/ballet-folklorico-de-mexico-de-amalia-hernandez-descuento-de-5-para-miembros-y-amigos-de-evhcc\/#primaryimage"},"thumbnailUrl":"https:\/\/evhcc.org\/wp-content\/uploads\/2015\/10\/BalletFolkorico_inset_396x233.jpg","datePublished":"2015-10-22T21:50:59+00:00","breadcrumb":{"@id":"https:\/\/evhcc.org\/es\/ballet-folklorico-de-mexico-de-amalia-hernandez-descuento-de-5-para-miembros-y-amigos-de-evhcc\/#breadcrumb"},"inLanguage":"es","potentialAction":[{"@type":"ReadAction","target":["https:\/\/evhcc.org\/es\/ballet-folklorico-de-mexico-de-amalia-hernandez-descuento-de-5-para-miembros-y-amigos-de-evhcc\/"]}]},{"@type":"ImageObject","inLanguage":"es","@id":"https:\/\/evhcc.org\/es\/ballet-folklorico-de-mexico-de-amalia-hernandez-descuento-de-5-para-miembros-y-amigos-de-evhcc\/#primaryimage","url":"https:\/\/evhcc.org\/wp-content\/uploads\/2015\/10\/BalletFolkorico_inset_396x233.jpg","contentUrl":"https:\/\/evhcc.org\/wp-content\/uploads\/2015\/10\/BalletFolkorico_inset_396x233.jpg"},{"@type":"BreadcrumbList","@id":"https:\/\/evhcc.org\/es\/ballet-folklorico-de-mexico-de-amalia-hernandez-descuento-de-5-para-miembros-y-amigos-de-evhcc\/#breadcrumb","itemListElement":[{"@type":"ListItem","position":1,"name":"Home","item":"https:\/\/evhcc.org\/es\/"},{"@type":"ListItem","position":2,"name":"Ballet Folkl\u00f3rico de M\u00e9xico de Amalia Hern\u00e1ndez \u00a1Descuento de $5 para miembros y amigos de EVHCC!"}]},{"@type":"WebSite","@id":"https:\/\/evhcc.org\/es\/#website","url":"https:\/\/evhcc.org\/es\/","name":"EVHCC","description":"East Valley Hispanic Chamber of Commerce","publisher":{"@id":"https:\/\/evhcc.org\/es\/#organization"},"potentialAction":[{"@type":"SearchAction","target":{"@type":"EntryPoint","urlTemplate":"https:\/\/evhcc.org\/es\/?s={search_term_string}"},"query-input":{"@type":"PropertyValueSpecification","valueRequired":true,"valueName":"search_term_string"}}],"inLanguage":"es"},{"@type":"Organization","@id":"https:\/\/evhcc.org\/es\/#organization","name":"EAST VALLEY HISPANIC chamber of comerce","url":"https:\/\/evhcc.org\/es\/","logo":{"@type":"ImageObject","inLanguage":"es","@id":"https:\/\/evhcc.org\/es\/#\/schema\/logo\/image\/","url":"https:\/\/secureservercdn.net\/166.62.107.20\/g5g.a4e.myftpupload.com\/wp-content\/uploads\/2019\/01\/EVHCC-Logo-image-jpg-min.jpg?time=1636751545","contentUrl":"https:\/\/secureservercdn.net\/166.62.107.20\/g5g.a4e.myftpupload.com\/wp-content\/uploads\/2019\/01\/EVHCC-Logo-image-jpg-min.jpg?time=1636751545","width":190,"height":225,"caption":"EAST VALLEY HISPANIC chamber of comerce"},"image":{"@id":"https:\/\/evhcc.org\/es\/#\/schema\/logo\/image\/"},"sameAs":["https:\/\/www.facebook.com\/EVHCC\/","https:\/\/x.com\/MesaEVHCC"]},{"@type":"Person","@id":"https:\/\/evhcc.org\/es\/#\/schema\/person\/fd3e576361123849389115291f2f54a9","name":"Gabriel","image":{"@type":"ImageObject","inLanguage":"es","@id":"https:\/\/evhcc.org\/es\/#\/schema\/person\/image\/","url":"https:\/\/evhcc.org\/wp-content\/uploads\/2019\/05\/EVHCC-STAFF-96x96.png","contentUrl":"https:\/\/evhcc.org\/wp-content\/uploads\/2019\/05\/EVHCC-STAFF-96x96.png","caption":"Gabriel"},"sameAs":["http:\/\/www.evhcc.com"],"url":"https:\/\/evhcc.org\/es\/author\/admin\/"}]}},"_links":{"self":[{"href":"https:\/\/evhcc.org\/es\/wp-json\/wp\/v2\/posts\/78224","targetHints":{"allow":["GET"]}}],"collection":[{"href":"https:\/\/evhcc.org\/es\/wp-json\/wp\/v2\/posts"}],"about":[{"href":"https:\/\/evhcc.org\/es\/wp-json\/wp\/v2\/types\/post"}],"author":[{"embeddable":true,"href":"https:\/\/evhcc.org\/es\/wp-json\/wp\/v2\/users\/1"}],"replies":[{"embeddable":true,"href":"https:\/\/evhcc.org\/es\/wp-json\/wp\/v2\/comments?post=78224"}],"version-history":[{"count":0,"href":"https:\/\/evhcc.org\/es\/wp-json\/wp\/v2\/posts\/78224\/revisions"}],"wp:attachment":[{"href":"https:\/\/evhcc.org\/es\/wp-json\/wp\/v2\/media?parent=78224"}],"wp:term":[{"taxonomy":"category","embeddable":true,"href":"https:\/\/evhcc.org\/es\/wp-json\/wp\/v2\/categories?post=78224"},{"taxonomy":"post_tag","embeddable":true,"href":"https:\/\/evhcc.org\/es\/wp-json\/wp\/v2\/tags?post=78224"}],"curies":[{"name":"wp","href":"https:\/\/api.w.org\/{rel}","templated":true}]}}