{"id":78129,"date":"2020-05-13T04:20:34","date_gmt":"2020-05-13T11:20:34","guid":{"rendered":"https:\/\/evhcc.org\/el-gobernador-ducey-anuncia-la-proxima-fase-de-la-recuperacion-de-arizona\/"},"modified":"2023-05-09T10:29:41","modified_gmt":"2023-05-09T17:29:41","slug":"el-gobernador-ducey-anuncia-la-proxima-fase-de-la-recuperacion-de-arizona","status":"publish","type":"post","link":"https:\/\/evhcc.org\/es\/el-gobernador-ducey-anuncia-la-proxima-fase-de-la-recuperacion-de-arizona\/","title":{"rendered":"El gobernador Ducey anuncia la pr\u00f3xima fase de la recuperaci\u00f3n de Arizona"},"content":{"rendered":"\n<p class=\"has-text-align-center\"><em>Orden de quedarse en casa vence el 15 de mayo; Reemplazado por una nueva gu\u00eda para la recuperaci\u00f3n econ\u00f3mica que prioriza la salud y el distanciamiento f\u00edsico<\/em> <\/p>\n\n<p><strong>PHOENIX \u2014<\/strong> El gobernador Doug Ducey anunci\u00f3 hoy que la orden de quedarse en casa en Arizona finalizar\u00e1 el 15 de mayo y ser\u00e1 reemplazada por una nueva gu\u00eda para la pr\u00f3xima etapa de recuperaci\u00f3n econ\u00f3mica. La nueva gu\u00eda se alinea con los criterios de activaci\u00f3n emitidos por la Casa Blanca y los Centros para el Control y la Prevenci\u00f3n de Enfermedades (CDC) y tiene como objetivo mitigar el riesgo de resurgimiento de COVID-19, proteger a las poblaciones vulnerables y guiar la reapertura de negocios con mayor distanciamiento f\u00edsico y seguridad. medidas en vigor.<\/p>\n\n<p>La nueva Orden Ejecutiva de Arizona, que entra en vigencia el s\u00e1bado 16 de mayo, se basa en los esfuerzos integrales de Arizona para frenar la propagaci\u00f3n de COVID-19 y proteger la salud p\u00fablica, que incluyen: aumentar la disponibilidad y frecuencia de las pruebas; implementar el seguimiento de m\u00e9tricas de salud clave, como casos sintom\u00e1ticos informados y uso de la sala de emergencias; aumentar la capacidad hospitalaria para ser utilizada seg\u00fan sea necesario; expandir el rastreo de contactos en todo el estado; reforzar las cadenas de suministro de equipos de protecci\u00f3n personal para los trabajadores m\u00e9dicos de primera l\u00ednea y los servicios de emergencia; implementar protocolos de seguridad mejorados para proteger a quienes viven y trabajan en instalaciones de alto riesgo, como hogares de ancianos; y proporcionar orientaci\u00f3n de salud p\u00fablica para empresas e individuos para garantizar un distanciamiento f\u00edsico continuo. <\/p>\n\n<p>\u201cDesde el comienzo de esta pandemia, Arizona ha adoptado un enfoque tranquilo y constante para proteger la salud y frenar la propagaci\u00f3n de COVID-19\u201d, dijo el gobernador Ducey. \u201cHoy, nuestros hospitales tienen capacidad para brindar atenci\u00f3n a quienes la necesitan; nuestros negocios est\u00e1n implementando y adapt\u00e1ndose a nuevas medidas de distanciamiento f\u00edsico; y los datos muestran que Arizona va en la direcci\u00f3n correcta. Es hora de avanzar con los pr\u00f3ximos pasos de la recuperaci\u00f3n econ\u00f3mica de Arizona, mientras continuamos haciendo de la salud y la seguridad nuestra prioridad n\u00famero uno. Estoy agradecido con todos los arizonenses por su asociaci\u00f3n y cooperaci\u00f3n durante estos tiempos dif\u00edciles. Al continuar siguiendo los datos y las recomendaciones de los funcionarios de salud p\u00fablica, podemos seguir avanzando juntos de manera segura y responsable\u201d. <\/p>\n\n<p>El gobernador Ducey tambi\u00e9n anunci\u00f3 hoy un plan acelerado para evaluar a todo el personal y los residentes de los centros de atenci\u00f3n a largo plazo, as\u00ed como a las personas dentro de las prisiones de Arizona. Como parte de este plan, el Departamento de Servicios de Salud de Arizona se asociar\u00e1 con laboratorios del sector privado para ampliar las pruebas a 147 centros de atenci\u00f3n a largo plazo y proporcionar pruebas de anticuerpos para los funcionarios penitenciarios. Adem\u00e1s, los deportes de ligas mayores pueden reanudar la reapertura limitada, sin fan\u00e1ticos, este s\u00e1bado 16 de mayo.<\/p>\n\n<p>El Departamento de Servicios de Salud de Arizona tambi\u00e9n public\u00f3 una gu\u00eda adicional para empresas y clientes a medida que m\u00e1s industrias reanudan operaciones parciales. Esta gu\u00eda incluye:<\/p>\n\n<ul class=\"wp-block-list\"><li>Las piscinas, con distanciamiento f\u00edsico y saneamiento mejorado, pueden reabrir el mi\u00e9rcoles 13 de mayo <a href=\"https:\/\/azgovernor.gov\/sites\/default\/files\/guidance_for_pools.pdf\" target=\"_blank\" rel=\"noreferrer noopener\">(ORIENTACI\u00d3N)<\/a><\/li><li>Los gimnasios y proveedores de acondicionamiento f\u00edsico, con distanciamiento f\u00edsico y saneamiento mejorado, pueden reabrir el mi\u00e9rcoles 13 de mayo <a href=\"https:\/\/azgovernor.gov\/sites\/default\/files\/guidance_for_gyms_fitness_providers.pdf\" target=\"_blank\" rel=\"noreferrer noopener\">(ORIENTACI\u00d3N)<\/a><\/li><li>Los spas, con distanciamiento f\u00edsico y saneamiento mejorado, pueden reabrir el mi\u00e9rcoles 13 de mayo <a href=\"https:\/\/azgovernor.gov\/sites\/default\/files\/guidance_for_spas_massage_therapists_and_personal_services.pdf\" target=\"_blank\" rel=\"noreferrer noopener\">(ORIENTACI\u00d3N)<\/a> <\/li><\/ul>\n\n<p>Si bien nunca cerraron formalmente, muchos lugares de culto optaron por cambiar o suspender temporalmente los servicios para seguir las pautas de distanciamiento f\u00edsico. A medida que reanudan las operaciones, el Departamento de Servicios de Salud de Arizona public\u00f3 una <a href=\"https:\/\/azgovernor.gov\/sites\/default\/files\/guidance_for_places_of_worship.pdf\" target=\"_blank\" rel=\"noreferrer noopener\">ORIENTACI\u00d3N<\/a>para mejorar el distanciamiento f\u00edsico y las precauciones de seguridad.<\/p>\n\n<p>Vea la Orden Ejecutiva de hoy <a rel=\"noreferrer noopener\" href=\"https:\/\/azgovernor.gov\/sites\/default\/files\/executive_order_2020-36_return_stronger.pdf\" target=\"_blank\">AQU\u00cd<\/a>. <br\/><br\/>Vea las actualizaciones diarias de Arizona <a rel=\"noreferrer noopener\" href=\"http:\/\/azhealth.gov\/COVID19\" target=\"_blank\">AQU\u00cd<\/a>.<\/p>\n\n<p><em>Referencia: Oficina del Gobernador Ducey, \u00abEl Gobernador Ducey anuncia la pr\u00f3xima fase de la recuperaci\u00f3n de Arizona\u00bb. Citado, 12 de mayo de 2020, <a href=\"https:\/\/azgovernor.gov\/governor\/news\/2020\/05\/governor-ducey-announces-next-phase-arizona-recovery\">https:\/\/azgovernor.gov\/governor\/news\/2020\/05\/governor-ducey-announces-next-phase-arizona-recovery<\/a> <\/em><\/p>\n","protected":false},"excerpt":{"rendered":"<p>Orden de quedarse en casa vence el 15 de mayo; Reemplazado por una nueva gu\u00eda para la recuperaci\u00f3n econ\u00f3mica que&hellip;<\/p>\n","protected":false},"author":1440,"featured_media":78130,"comment_status":"closed","ping_status":"closed","sticky":false,"template":"","format":"standard","meta":{"pmpro_default_level":"","footnotes":""},"categories":[540,541],"tags":[],"class_list":["post-78129","post","type-post","status-publish","format-standard","has-post-thumbnail","hentry","category-anuncios","category-noticias-y-eventos","pmpro-has-access"],"yoast_head":"<!-- This site is optimized with the Yoast SEO Premium plugin v25.4 (Yoast SEO v26.8) - https:\/\/yoast.com\/product\/yoast-seo-premium-wordpress\/ -->\n<title>El gobernador Ducey anuncia la pr\u00f3xima fase de la recuperaci\u00f3n de Arizona - EVHCC<\/title>\n<meta name=\"description\" content=\"Orden de quedarse en casa vence el 15 de mayo; Reemplazado por una nueva gu\u00eda para la recuperaci\u00f3n econ\u00f3mica que prioriza la salud y el distanciamiento f\u00edsico.\" \/>\n<meta name=\"robots\" content=\"index, follow, max-snippet:-1, max-image-preview:large, max-video-preview:-1\" \/>\n<link rel=\"canonical\" href=\"https:\/\/evhcc.org\/es\/el-gobernador-ducey-anuncia-la-proxima-fase-de-la-recuperacion-de-arizona\/\" \/>\n<meta property=\"og:locale\" content=\"es_ES\" \/>\n<meta property=\"og:type\" content=\"article\" \/>\n<meta property=\"og:title\" content=\"El gobernador Ducey anuncia la pr\u00f3xima fase de la recuperaci\u00f3n de Arizona - EVHCC\" \/>\n<meta property=\"og:description\" content=\"Orden de quedarse en casa vence el 15 de mayo; Reemplazado por una nueva gu\u00eda para la recuperaci\u00f3n econ\u00f3mica que prioriza la salud y el distanciamiento f\u00edsico\" \/>\n<meta property=\"og:url\" content=\"https:\/\/evhcc.org\/es\/el-gobernador-ducey-anuncia-la-proxima-fase-de-la-recuperacion-de-arizona\/\" \/>\n<meta property=\"og:site_name\" content=\"EVHCC\" \/>\n<meta property=\"article:publisher\" content=\"https:\/\/www.facebook.com\/EVHCC\/\" \/>\n<meta property=\"article:published_time\" content=\"2020-05-13T11:20:34+00:00\" \/>\n<meta property=\"article:modified_time\" content=\"2023-05-09T17:29:41+00:00\" \/>\n<meta property=\"og:image\" content=\"https:\/\/evhcc.org\/wp-content\/uploads\/2020\/05\/Untitled-design.jpg\" \/>\n<meta name=\"author\" content=\"Editorial Team\" \/>\n<meta name=\"twitter:card\" content=\"summary_large_image\" \/>\n<meta name=\"twitter:title\" content=\"El gobernador Ducey anuncia la pr\u00f3xima fase de la recuperaci\u00f3n de Arizona - EVHCC\" \/>\n<meta name=\"twitter:description\" content=\"Orden de quedarse en casa vence el 15 de mayo; Reemplazado por una nueva gu\u00eda para la recuperaci\u00f3n econ\u00f3mica que prioriza la salud y el distanciamiento f\u00edsico\" \/>\n<meta name=\"twitter:creator\" content=\"@MesaEVHCC\" \/>\n<meta name=\"twitter:site\" content=\"@MesaEVHCC\" \/>\n<meta name=\"twitter:label1\" content=\"Escrito por\" \/>\n\t<meta name=\"twitter:data1\" content=\"Editorial Team\" \/>\n\t<meta name=\"twitter:label2\" content=\"Tiempo de lectura\" \/>\n\t<meta name=\"twitter:data2\" content=\"4 minutos\" \/>\n<script type=\"application\/ld+json\" class=\"yoast-schema-graph\">{\"@context\":\"https:\/\/schema.org\",\"@graph\":[{\"@type\":\"Article\",\"@id\":\"https:\/\/evhcc.org\/es\/el-gobernador-ducey-anuncia-la-proxima-fase-de-la-recuperacion-de-arizona\/#article\",\"isPartOf\":{\"@id\":\"https:\/\/evhcc.org\/es\/el-gobernador-ducey-anuncia-la-proxima-fase-de-la-recuperacion-de-arizona\/\"},\"author\":{\"name\":\"Editorial Team\",\"@id\":\"https:\/\/evhcc.org\/es\/#\/schema\/person\/e1880179a8028f70788359885d756266\"},\"headline\":\"El gobernador Ducey anuncia la pr\u00f3xima fase de la recuperaci\u00f3n de Arizona\",\"datePublished\":\"2020-05-13T11:20:34+00:00\",\"dateModified\":\"2023-05-09T17:29:41+00:00\",\"mainEntityOfPage\":{\"@id\":\"https:\/\/evhcc.org\/es\/el-gobernador-ducey-anuncia-la-proxima-fase-de-la-recuperacion-de-arizona\/\"},\"wordCount\":726,\"publisher\":{\"@id\":\"https:\/\/evhcc.org\/es\/#organization\"},\"image\":{\"@id\":\"https:\/\/evhcc.org\/es\/el-gobernador-ducey-anuncia-la-proxima-fase-de-la-recuperacion-de-arizona\/#primaryimage\"},\"thumbnailUrl\":\"https:\/\/evhcc.org\/wp-content\/uploads\/2020\/05\/Untitled-design.jpg\",\"articleSection\":[\"Anuncios\",\"Noticias y Eventos\"],\"inLanguage\":\"es\"},{\"@type\":\"WebPage\",\"@id\":\"https:\/\/evhcc.org\/es\/el-gobernador-ducey-anuncia-la-proxima-fase-de-la-recuperacion-de-arizona\/\",\"url\":\"https:\/\/evhcc.org\/es\/el-gobernador-ducey-anuncia-la-proxima-fase-de-la-recuperacion-de-arizona\/\",\"name\":\"El gobernador Ducey anuncia la pr\u00f3xima fase de la recuperaci\u00f3n de Arizona - EVHCC\",\"isPartOf\":{\"@id\":\"https:\/\/evhcc.org\/es\/#website\"},\"primaryImageOfPage\":{\"@id\":\"https:\/\/evhcc.org\/es\/el-gobernador-ducey-anuncia-la-proxima-fase-de-la-recuperacion-de-arizona\/#primaryimage\"},\"image\":{\"@id\":\"https:\/\/evhcc.org\/es\/el-gobernador-ducey-anuncia-la-proxima-fase-de-la-recuperacion-de-arizona\/#primaryimage\"},\"thumbnailUrl\":\"https:\/\/evhcc.org\/wp-content\/uploads\/2020\/05\/Untitled-design.jpg\",\"datePublished\":\"2020-05-13T11:20:34+00:00\",\"dateModified\":\"2023-05-09T17:29:41+00:00\",\"description\":\"Orden de quedarse en casa vence el 15 de mayo; Reemplazado por una nueva gu\u00eda para la recuperaci\u00f3n econ\u00f3mica que prioriza la salud y el distanciamiento f\u00edsico.\",\"breadcrumb\":{\"@id\":\"https:\/\/evhcc.org\/es\/el-gobernador-ducey-anuncia-la-proxima-fase-de-la-recuperacion-de-arizona\/#breadcrumb\"},\"inLanguage\":\"es\",\"potentialAction\":[{\"@type\":\"ReadAction\",\"target\":[\"https:\/\/evhcc.org\/es\/el-gobernador-ducey-anuncia-la-proxima-fase-de-la-recuperacion-de-arizona\/\"]}]},{\"@type\":\"ImageObject\",\"inLanguage\":\"es\",\"@id\":\"https:\/\/evhcc.org\/es\/el-gobernador-ducey-anuncia-la-proxima-fase-de-la-recuperacion-de-arizona\/#primaryimage\",\"url\":\"https:\/\/evhcc.org\/wp-content\/uploads\/2020\/05\/Untitled-design.jpg\",\"contentUrl\":\"https:\/\/evhcc.org\/wp-content\/uploads\/2020\/05\/Untitled-design.jpg\",\"width\":1650,\"height\":1275},{\"@type\":\"BreadcrumbList\",\"@id\":\"https:\/\/evhcc.org\/es\/el-gobernador-ducey-anuncia-la-proxima-fase-de-la-recuperacion-de-arizona\/#breadcrumb\",\"itemListElement\":[{\"@type\":\"ListItem\",\"position\":1,\"name\":\"Home\",\"item\":\"https:\/\/evhcc.org\/es\/\"},{\"@type\":\"ListItem\",\"position\":2,\"name\":\"El gobernador Ducey anuncia la pr\u00f3xima fase de la recuperaci\u00f3n de Arizona\"}]},{\"@type\":\"WebSite\",\"@id\":\"https:\/\/evhcc.org\/es\/#website\",\"url\":\"https:\/\/evhcc.org\/es\/\",\"name\":\"EVHCC\",\"description\":\"East Valley Hispanic Chamber of Commerce\",\"publisher\":{\"@id\":\"https:\/\/evhcc.org\/es\/#organization\"},\"potentialAction\":[{\"@type\":\"SearchAction\",\"target\":{\"@type\":\"EntryPoint\",\"urlTemplate\":\"https:\/\/evhcc.org\/es\/?s={search_term_string}\"},\"query-input\":{\"@type\":\"PropertyValueSpecification\",\"valueRequired\":true,\"valueName\":\"search_term_string\"}}],\"inLanguage\":\"es\"},{\"@type\":\"Organization\",\"@id\":\"https:\/\/evhcc.org\/es\/#organization\",\"name\":\"EAST VALLEY HISPANIC chamber of comerce\",\"url\":\"https:\/\/evhcc.org\/es\/\",\"logo\":{\"@type\":\"ImageObject\",\"inLanguage\":\"es\",\"@id\":\"https:\/\/evhcc.org\/es\/#\/schema\/logo\/image\/\",\"url\":\"https:\/\/secureservercdn.net\/166.62.107.20\/g5g.a4e.myftpupload.com\/wp-content\/uploads\/2019\/01\/EVHCC-Logo-image-jpg-min.jpg?time=1636751545\",\"contentUrl\":\"https:\/\/secureservercdn.net\/166.62.107.20\/g5g.a4e.myftpupload.com\/wp-content\/uploads\/2019\/01\/EVHCC-Logo-image-jpg-min.jpg?time=1636751545\",\"width\":190,\"height\":225,\"caption\":\"EAST VALLEY HISPANIC chamber of comerce\"},\"image\":{\"@id\":\"https:\/\/evhcc.org\/es\/#\/schema\/logo\/image\/\"},\"sameAs\":[\"https:\/\/www.facebook.com\/EVHCC\/\",\"https:\/\/x.com\/MesaEVHCC\"]},{\"@type\":\"Person\",\"@id\":\"https:\/\/evhcc.org\/es\/#\/schema\/person\/e1880179a8028f70788359885d756266\",\"name\":\"Editorial Team\",\"image\":{\"@type\":\"ImageObject\",\"inLanguage\":\"es\",\"@id\":\"https:\/\/evhcc.org\/es\/#\/schema\/person\/image\/\",\"url\":\"\/\/www.gravatar.com\/avatar\/3f264640dfb2bbdec88fb21002eda54a?s=96&#038;r=g&#038;d=mm\",\"contentUrl\":\"\/\/www.gravatar.com\/avatar\/3f264640dfb2bbdec88fb21002eda54a?s=96&#038;r=g&#038;d=mm\",\"caption\":\"Editorial Team\"},\"url\":\"https:\/\/evhcc.org\/es\/author\/editorialteam\/\"}]}<\/script>\n<!-- \/ Yoast SEO Premium plugin. -->","yoast_head_json":{"title":"El gobernador Ducey anuncia la pr\u00f3xima fase de la recuperaci\u00f3n de Arizona - EVHCC","description":"Orden de quedarse en casa vence el 15 de mayo; Reemplazado por una nueva gu\u00eda para la recuperaci\u00f3n econ\u00f3mica que prioriza la salud y el distanciamiento f\u00edsico.","robots":{"index":"index","follow":"follow","max-snippet":"max-snippet:-1","max-image-preview":"max-image-preview:large","max-video-preview":"max-video-preview:-1"},"canonical":"https:\/\/evhcc.org\/es\/el-gobernador-ducey-anuncia-la-proxima-fase-de-la-recuperacion-de-arizona\/","og_locale":"es_ES","og_type":"article","og_title":"El gobernador Ducey anuncia la pr\u00f3xima fase de la recuperaci\u00f3n de Arizona - EVHCC","og_description":"Orden de quedarse en casa vence el 15 de mayo; Reemplazado por una nueva gu\u00eda para la recuperaci\u00f3n econ\u00f3mica que prioriza la salud y el distanciamiento f\u00edsico","og_url":"https:\/\/evhcc.org\/es\/el-gobernador-ducey-anuncia-la-proxima-fase-de-la-recuperacion-de-arizona\/","og_site_name":"EVHCC","article_publisher":"https:\/\/www.facebook.com\/EVHCC\/","article_published_time":"2020-05-13T11:20:34+00:00","article_modified_time":"2023-05-09T17:29:41+00:00","og_image":[{"url":"https:\/\/evhcc.org\/wp-content\/uploads\/2020\/05\/Untitled-design.jpg","type":"","width":"","height":""}],"author":"Editorial Team","twitter_card":"summary_large_image","twitter_title":"El gobernador Ducey anuncia la pr\u00f3xima fase de la recuperaci\u00f3n de Arizona - EVHCC","twitter_description":"Orden de quedarse en casa vence el 15 de mayo; Reemplazado por una nueva gu\u00eda para la recuperaci\u00f3n econ\u00f3mica que prioriza la salud y el distanciamiento f\u00edsico","twitter_creator":"@MesaEVHCC","twitter_site":"@MesaEVHCC","twitter_misc":{"Escrito por":"Editorial Team","Tiempo de lectura":"4 minutos"},"schema":{"@context":"https:\/\/schema.org","@graph":[{"@type":"Article","@id":"https:\/\/evhcc.org\/es\/el-gobernador-ducey-anuncia-la-proxima-fase-de-la-recuperacion-de-arizona\/#article","isPartOf":{"@id":"https:\/\/evhcc.org\/es\/el-gobernador-ducey-anuncia-la-proxima-fase-de-la-recuperacion-de-arizona\/"},"author":{"name":"Editorial Team","@id":"https:\/\/evhcc.org\/es\/#\/schema\/person\/e1880179a8028f70788359885d756266"},"headline":"El gobernador Ducey anuncia la pr\u00f3xima fase de la recuperaci\u00f3n de Arizona","datePublished":"2020-05-13T11:20:34+00:00","dateModified":"2023-05-09T17:29:41+00:00","mainEntityOfPage":{"@id":"https:\/\/evhcc.org\/es\/el-gobernador-ducey-anuncia-la-proxima-fase-de-la-recuperacion-de-arizona\/"},"wordCount":726,"publisher":{"@id":"https:\/\/evhcc.org\/es\/#organization"},"image":{"@id":"https:\/\/evhcc.org\/es\/el-gobernador-ducey-anuncia-la-proxima-fase-de-la-recuperacion-de-arizona\/#primaryimage"},"thumbnailUrl":"https:\/\/evhcc.org\/wp-content\/uploads\/2020\/05\/Untitled-design.jpg","articleSection":["Anuncios","Noticias y Eventos"],"inLanguage":"es"},{"@type":"WebPage","@id":"https:\/\/evhcc.org\/es\/el-gobernador-ducey-anuncia-la-proxima-fase-de-la-recuperacion-de-arizona\/","url":"https:\/\/evhcc.org\/es\/el-gobernador-ducey-anuncia-la-proxima-fase-de-la-recuperacion-de-arizona\/","name":"El gobernador Ducey anuncia la pr\u00f3xima fase de la recuperaci\u00f3n de Arizona - EVHCC","isPartOf":{"@id":"https:\/\/evhcc.org\/es\/#website"},"primaryImageOfPage":{"@id":"https:\/\/evhcc.org\/es\/el-gobernador-ducey-anuncia-la-proxima-fase-de-la-recuperacion-de-arizona\/#primaryimage"},"image":{"@id":"https:\/\/evhcc.org\/es\/el-gobernador-ducey-anuncia-la-proxima-fase-de-la-recuperacion-de-arizona\/#primaryimage"},"thumbnailUrl":"https:\/\/evhcc.org\/wp-content\/uploads\/2020\/05\/Untitled-design.jpg","datePublished":"2020-05-13T11:20:34+00:00","dateModified":"2023-05-09T17:29:41+00:00","description":"Orden de quedarse en casa vence el 15 de mayo; Reemplazado por una nueva gu\u00eda para la recuperaci\u00f3n econ\u00f3mica que prioriza la salud y el distanciamiento f\u00edsico.","breadcrumb":{"@id":"https:\/\/evhcc.org\/es\/el-gobernador-ducey-anuncia-la-proxima-fase-de-la-recuperacion-de-arizona\/#breadcrumb"},"inLanguage":"es","potentialAction":[{"@type":"ReadAction","target":["https:\/\/evhcc.org\/es\/el-gobernador-ducey-anuncia-la-proxima-fase-de-la-recuperacion-de-arizona\/"]}]},{"@type":"ImageObject","inLanguage":"es","@id":"https:\/\/evhcc.org\/es\/el-gobernador-ducey-anuncia-la-proxima-fase-de-la-recuperacion-de-arizona\/#primaryimage","url":"https:\/\/evhcc.org\/wp-content\/uploads\/2020\/05\/Untitled-design.jpg","contentUrl":"https:\/\/evhcc.org\/wp-content\/uploads\/2020\/05\/Untitled-design.jpg","width":1650,"height":1275},{"@type":"BreadcrumbList","@id":"https:\/\/evhcc.org\/es\/el-gobernador-ducey-anuncia-la-proxima-fase-de-la-recuperacion-de-arizona\/#breadcrumb","itemListElement":[{"@type":"ListItem","position":1,"name":"Home","item":"https:\/\/evhcc.org\/es\/"},{"@type":"ListItem","position":2,"name":"El gobernador Ducey anuncia la pr\u00f3xima fase de la recuperaci\u00f3n de Arizona"}]},{"@type":"WebSite","@id":"https:\/\/evhcc.org\/es\/#website","url":"https:\/\/evhcc.org\/es\/","name":"EVHCC","description":"East Valley Hispanic Chamber of Commerce","publisher":{"@id":"https:\/\/evhcc.org\/es\/#organization"},"potentialAction":[{"@type":"SearchAction","target":{"@type":"EntryPoint","urlTemplate":"https:\/\/evhcc.org\/es\/?s={search_term_string}"},"query-input":{"@type":"PropertyValueSpecification","valueRequired":true,"valueName":"search_term_string"}}],"inLanguage":"es"},{"@type":"Organization","@id":"https:\/\/evhcc.org\/es\/#organization","name":"EAST VALLEY HISPANIC chamber of comerce","url":"https:\/\/evhcc.org\/es\/","logo":{"@type":"ImageObject","inLanguage":"es","@id":"https:\/\/evhcc.org\/es\/#\/schema\/logo\/image\/","url":"https:\/\/secureservercdn.net\/166.62.107.20\/g5g.a4e.myftpupload.com\/wp-content\/uploads\/2019\/01\/EVHCC-Logo-image-jpg-min.jpg?time=1636751545","contentUrl":"https:\/\/secureservercdn.net\/166.62.107.20\/g5g.a4e.myftpupload.com\/wp-content\/uploads\/2019\/01\/EVHCC-Logo-image-jpg-min.jpg?time=1636751545","width":190,"height":225,"caption":"EAST VALLEY HISPANIC chamber of comerce"},"image":{"@id":"https:\/\/evhcc.org\/es\/#\/schema\/logo\/image\/"},"sameAs":["https:\/\/www.facebook.com\/EVHCC\/","https:\/\/x.com\/MesaEVHCC"]},{"@type":"Person","@id":"https:\/\/evhcc.org\/es\/#\/schema\/person\/e1880179a8028f70788359885d756266","name":"Editorial Team","image":{"@type":"ImageObject","inLanguage":"es","@id":"https:\/\/evhcc.org\/es\/#\/schema\/person\/image\/","url":"\/\/www.gravatar.com\/avatar\/3f264640dfb2bbdec88fb21002eda54a?s=96&#038;r=g&#038;d=mm","contentUrl":"\/\/www.gravatar.com\/avatar\/3f264640dfb2bbdec88fb21002eda54a?s=96&#038;r=g&#038;d=mm","caption":"Editorial Team"},"url":"https:\/\/evhcc.org\/es\/author\/editorialteam\/"}]}},"_links":{"self":[{"href":"https:\/\/evhcc.org\/es\/wp-json\/wp\/v2\/posts\/78129","targetHints":{"allow":["GET"]}}],"collection":[{"href":"https:\/\/evhcc.org\/es\/wp-json\/wp\/v2\/posts"}],"about":[{"href":"https:\/\/evhcc.org\/es\/wp-json\/wp\/v2\/types\/post"}],"author":[{"embeddable":true,"href":"https:\/\/evhcc.org\/es\/wp-json\/wp\/v2\/users\/1440"}],"replies":[{"embeddable":true,"href":"https:\/\/evhcc.org\/es\/wp-json\/wp\/v2\/comments?post=78129"}],"version-history":[{"count":0,"href":"https:\/\/evhcc.org\/es\/wp-json\/wp\/v2\/posts\/78129\/revisions"}],"wp:featuredmedia":[{"embeddable":true,"href":"https:\/\/evhcc.org\/es\/wp-json\/wp\/v2\/media\/78130"}],"wp:attachment":[{"href":"https:\/\/evhcc.org\/es\/wp-json\/wp\/v2\/media?parent=78129"}],"wp:term":[{"taxonomy":"category","embeddable":true,"href":"https:\/\/evhcc.org\/es\/wp-json\/wp\/v2\/categories?post=78129"},{"taxonomy":"post_tag","embeddable":true,"href":"https:\/\/evhcc.org\/es\/wp-json\/wp\/v2\/tags?post=78129"}],"curies":[{"name":"wp","href":"https:\/\/api.w.org\/{rel}","templated":true}]}}